{"id":93690,"date":"2019-11-03T18:01:13","date_gmt":"2019-11-03T18:01:13","guid":{"rendered":"http:\/\/plazajuarez.mx\/index\/index.php\/2019\/11\/03\/walter-mercado-fallece-en-puerto-rico\/"},"modified":"2019-11-03T18:01:13","modified_gmt":"2019-11-03T18:01:13","slug":"walter-mercado-fallece-en-puerto-rico","status":"publish","type":"post","link":"https:\/\/plazajuarez.mx\/historico\/walter-mercado-fallece-en-puerto-rico\/","title":{"rendered":"Walter Mercado fallece en Puerto Rico"},"content":{"rendered":"<p style=\"text-align: justify;\">La periodista Mar\u00eda Celeste Arrar\u00e1s, amiga de Walter Mercado, confirm\u00f3 la muerte de su connacional a trav\u00e9s de redes sociales.<\/p>\n<p>  <!--more-->  <\/p>\n<p style=\"text-align: justify;\">\u00a0<\/p>\n<p style=\"text-align: justify;\">Walter Mercado Salinas, el famoso astr\u00f3logo, actor y bailar\u00edn de Puerto Rico, quien se encontraba delicado de salud, falleci\u00f3 ayer s\u00e1bado a la edad de 87 a\u00f1os.<\/p>\n<p style=\"text-align: justify;\"> La periodista Mar\u00eda Celeste Arrar\u00e1s, amiga de Walter Mercado, confirm\u00f3 la muerte de su connacional a trav\u00e9s de redes sociales, en donde hay una gran cantidad de mensajes para despedir al astr\u00f3logo.<\/p>\n<p style=\"text-align: justify;\"> Famoso por su frase &#8220;Pero mucho, mucho amor\u201d cuando terminaba de dar los hor\u00f3scopos, Walter Mercado no s\u00f3lo fue un famoso astr\u00f3logo de la televisi\u00f3n, tambi\u00e9n asisti\u00f3 a la universidad donde obtuvo una especializaci\u00f3n en pedagog\u00eda, sicolog\u00eda y farmacia, donde aprendi\u00f3 sobre la mente humana y las propiedades de plantas medicinales.<\/p>\n<p style=\"text-align: justify;\"> Inici\u00f3 su vida profesional como actor y bailar\u00edn; este \u00faltimo oficio le dar\u00eda mucha fama por el talento natural que ten\u00eda para la danza, en especial el ballet. Fue compa\u00f1ero de baile de la comediante Velda Gonz\u00e1lez.<\/p>\n<p style=\"text-align: justify;\"> Particip\u00f3 en m\u00e1s de diez telenovelas, entre las que se encuentran &#8220;Un adi\u00f3s en el recuerdo&#8221;, &#8220;Larga distancia&#8221;, &#8220;Yo no ped\u00ed vivir&#8221; y &#8220;La intrusa&#8221;.<\/p>\n<p style=\"text-align: justify;\"> En 1969 comenz\u00f3 su faceta de astr\u00f3logo en Telemundo.<br \/> En la d\u00e9cada de 1980, su show se ve\u00eda en varios canales de televisi\u00f3n de Am\u00e9rica Latina y Estados Unidos.<\/p>\n<p style=\"text-align: justify;\"> En 1990 Mercado dio el salto a Univision Miami, para comenzar su segmento astrol\u00f3gico, que termin\u00f3 sorpresivamente en 2010.<\/p>\n","protected":false},"excerpt":{"rendered":"<p>La periodista Mar\u00eda Celeste Arrar\u00e1s, amiga de Walter Mercado, confirm\u00f3 la muerte de su connacional a trav\u00e9s de redes sociales.<\/p>\n","protected":false},"author":1,"featured_media":0,"comment_status":"open","ping_status":"open","sticky":false,"template":"","format":"standard","meta":{"footnotes":""},"categories":[38],"tags":[71],"class_list":["post-93690","post","type-post","status-publish","format-standard","hentry","category-show","tag-viral"],"_links":{"self":[{"href":"https:\/\/plazajuarez.mx\/historico\/wp-json\/wp\/v2\/posts\/93690","targetHints":{"allow":["GET"]}}],"collection":[{"href":"https:\/\/plazajuarez.mx\/historico\/wp-json\/wp\/v2\/posts"}],"about":[{"href":"https:\/\/plazajuarez.mx\/historico\/wp-json\/wp\/v2\/types\/post"}],"author":[{"embeddable":true,"href":"https:\/\/plazajuarez.mx\/historico\/wp-json\/wp\/v2\/users\/1"}],"replies":[{"embeddable":true,"href":"https:\/\/plazajuarez.mx\/historico\/wp-json\/wp\/v2\/comments?post=93690"}],"version-history":[{"count":0,"href":"https:\/\/plazajuarez.mx\/historico\/wp-json\/wp\/v2\/posts\/93690\/revisions"}],"wp:attachment":[{"href":"https:\/\/plazajuarez.mx\/historico\/wp-json\/wp\/v2\/media?parent=93690"}],"wp:term":[{"taxonomy":"category","embeddable":true,"href":"https:\/\/plazajuarez.mx\/historico\/wp-json\/wp\/v2\/categories?post=93690"},{"taxonomy":"post_tag","embeddable":true,"href":"https:\/\/plazajuarez.mx\/historico\/wp-json\/wp\/v2\/tags?post=93690"}],"curies":[{"name":"wp","href":"https:\/\/api.w.org\/{rel}","templated":true}]}}