{"id":93689,"date":"2019-11-03T16:35:56","date_gmt":"2019-11-03T16:35:56","guid":{"rendered":"http:\/\/plazajuarez.mx\/index\/index.php\/2019\/11\/03\/se-registra-desfogue-de-combustible-en-refineria-miguel-hidalgo\/"},"modified":"2019-11-03T16:35:56","modified_gmt":"2019-11-03T16:35:56","slug":"se-registra-desfogue-de-combustible-en-refineria-miguel-hidalgo","status":"publish","type":"post","link":"https:\/\/plazajuarez.mx\/historico\/se-registra-desfogue-de-combustible-en-refineria-miguel-hidalgo\/","title":{"rendered":"Se registra desfogue de combustible en refiner\u00eda Miguel Hidalgo"},"content":{"rendered":"<p style=\"text-align: justify;\">Vecinos de El Llano Segunda Secci\u00f3n, comentaron que cuando ocurren los desfogues al \u00e1rea de quemadores los m\u00e1s afectados por la contaminaci\u00f3n son precisamente ellos.<\/p>\n<p>  <!--more-->  <\/p>\n<p style=\"text-align: justify;\">\u00a0<\/p>\n<p style=\"text-align: justify;\">En Tula la refiner\u00eda Miguel Hidalgo en el \u00e1rea de quemadores, se registra desfogue de combustible, lo que est\u00e1 provocando una fuerte contaminaci\u00f3n por las fumarolas de humo que se generan y que son emitidas a la atm\u00f3sfera.<\/p>\n<p style=\"text-align: justify;\">\u00a0<\/p>\n<p style=\"text-align: justify;\">El \u00e1rea de Comunicaci\u00f3n Social regional de la refiner\u00eda Miguel Hidalgo, a trav\u00e9s de Ulises Guerra, inform\u00f3 que tras los desfogues que se llevan a cabo la ma\u00f1ana de este domingo, no existe condici\u00f3n de riesgo para la poblaci\u00f3n ni las instalaciones petroleras.<\/p>\n<p style=\"text-align: justify;\">\u00a0<\/p>\n<p style=\"text-align: justify;\">Preciso que debido a los movimientos operativos en las plantas de proceso de producto, fue que se requiri\u00f3 enviar combustible al \u00e1rea de quemadores.<\/p>\n<p style=\"text-align: justify;\">\u00a0<\/p>\n<p style=\"text-align: justify;\">Por su parte, vecinos de El Llano Segunda Secci\u00f3n comentaron que cuando ocurren los desfogues al \u00e1rea de quemadores los m\u00e1s afectados por la contaminaci\u00f3n son precisamente ellos, al colindar con la empresa del estado.<\/p>\n","protected":false},"excerpt":{"rendered":"<p>Vecinos de El Llano Segunda Secci\u00f3n, comentaron que cuando ocurren los desfogues al \u00e1rea de quemadores los m\u00e1s afectados por la contaminaci\u00f3n son precisamente ellos.<\/p>\n","protected":false},"author":1,"featured_media":0,"comment_status":"open","ping_status":"open","sticky":false,"template":"","format":"standard","meta":{"footnotes":""},"categories":[40],"tags":[],"class_list":["post-93689","post","type-post","status-publish","format-standard","hentry","category-region"],"_links":{"self":[{"href":"https:\/\/plazajuarez.mx\/historico\/wp-json\/wp\/v2\/posts\/93689","targetHints":{"allow":["GET"]}}],"collection":[{"href":"https:\/\/plazajuarez.mx\/historico\/wp-json\/wp\/v2\/posts"}],"about":[{"href":"https:\/\/plazajuarez.mx\/historico\/wp-json\/wp\/v2\/types\/post"}],"author":[{"embeddable":true,"href":"https:\/\/plazajuarez.mx\/historico\/wp-json\/wp\/v2\/users\/1"}],"replies":[{"embeddable":true,"href":"https:\/\/plazajuarez.mx\/historico\/wp-json\/wp\/v2\/comments?post=93689"}],"version-history":[{"count":0,"href":"https:\/\/plazajuarez.mx\/historico\/wp-json\/wp\/v2\/posts\/93689\/revisions"}],"wp:attachment":[{"href":"https:\/\/plazajuarez.mx\/historico\/wp-json\/wp\/v2\/media?parent=93689"}],"wp:term":[{"taxonomy":"category","embeddable":true,"href":"https:\/\/plazajuarez.mx\/historico\/wp-json\/wp\/v2\/categories?post=93689"},{"taxonomy":"post_tag","embeddable":true,"href":"https:\/\/plazajuarez.mx\/historico\/wp-json\/wp\/v2\/tags?post=93689"}],"curies":[{"name":"wp","href":"https:\/\/api.w.org\/{rel}","templated":true}]}}