{"id":93687,"date":"2019-11-03T14:58:30","date_gmt":"2019-11-03T14:58:30","guid":{"rendered":"http:\/\/plazajuarez.mx\/index\/index.php\/2019\/11\/03\/lista-la-feria-de-arte-y-antigueedades-mas-grande-del-mundo\/"},"modified":"2019-11-03T14:58:30","modified_gmt":"2019-11-03T14:58:30","slug":"lista-la-feria-de-arte-y-antigueedades-mas-grande-del-mundo","status":"publish","type":"post","link":"https:\/\/plazajuarez.mx\/historico\/lista-la-feria-de-arte-y-antigueedades-mas-grande-del-mundo\/","title":{"rendered":"Lista la feria de arte y antig\u00fcedades m\u00e1s grande del mundo"},"content":{"rendered":"<p>En Nueva York\u00a0<\/p>\n<p>\u00a0\u00a0\u00a0 \u2022\u00a0\u00a0 \u00a0Tefaf Fall es la mayor feria de arte y antig\u00fcedades del mundo; naci\u00f3 hace 33 a\u00f1os en Maastricht (Pa\u00edses Bajos) y desde hace tres a\u00f1os tiene sede tambi\u00e9n en Nueva York\u2028<\/p>\n<p>  <!--more-->  <\/p>\n<p>\u00bfQu\u00e9 tienen en com\u00fan el \u201cRetrato con m\u00e1scara de oro\u201d de la artista contempor\u00e1nea Marina Abramovich y una cabeza de hombre del periodo hel\u00e9nico? Aparentemente nada, pero el encuentro entre los dos lo hace posible Tefaf Fall. Tefaf es la mayor feria de arte y antig\u00fcedades del mundo; naci\u00f3 hace 33 a\u00f1os en Maastricht (Pa\u00edses Bajos) y desde hace tres a\u00f1os tiene sede tambi\u00e9n en Nueva York, con dos citas en la primavera y en el oto\u00f1o.<br \/>Este jueves tuvo lugar la inauguraci\u00f3n de Tefaf Fall, a la que acudieron coleccionistas, galeristas, fil\u00e1ntropos, representantes de las grandes instituciones de arte, curadores, anticuarios y profesionales del mundo del arte. Una peque\u00f1a parte de Holanda se traslada a Nueva York con ocasi\u00f3n de esta feria: las flores que envuelven el recinto ferial &#8211; Park Avenue Armory- vienen de ese pa\u00eds; el dise\u00f1o de la feria es obra del mismo arquitecto de la feria Maastricht, Tom Postma, y tambi\u00e9n est\u00e1 aqu\u00ed la tradici\u00f3n de abrir y degustar las ostras en el primer d\u00eda de feria -un grupo identificado como Ostras Red Oyster se mueve por los pasillos brind\u00e1ndolas al p\u00fablico.<br \/>Las galer\u00edas han tra\u00eddo piezas exclusivas que han pasado por el proceso de revisi\u00f3n que identifica a Tefaf, se trata del vetting, una serie de comit\u00e9s que realizan un an\u00e1lisis detallado, hist\u00f3rico y t\u00e9cnico, para verificar la calidad, autenticidad y estado de conservaci\u00f3n de cada pieza. Coleccionistas, galeristas y visitantes coinciden en que todo lo expuesto en Tefaf es de la mayor calidad. Por los pasillos se pueden ver grandes obras de joyer\u00eda, exquisitos muebles coloniales, de grandes arquitectos de comienzos del siglo XX y de art dec\u00f3; pinturas y esculturas de algunos de los mayores artistas de la historia del arte; antiguos bustos grecorromanos; esculturas en metal de Asia; esculturas africanas de madera con incrustaciones de metal; piezas de plata de Am\u00e9rica Latina; manuscritos antiguos, algunos de los cuales son previos a la invenci\u00f3n de la imprenta. Este a\u00f1o, la propia feria y varios galeristas han promovido una suerte de di\u00e1logos entre obras cl\u00e1sicas y contempor\u00e1neas. As\u00ed, varias de las 90 galer\u00edas que participan, conviven en grupos de dos en los salones hist\u00f3ricos.<\/p>\n<p><\/p>\n","protected":false},"excerpt":{"rendered":"<p>En Nueva York\u00a0 \u00a0\u00a0\u00a0 \u2022\u00a0\u00a0 \u00a0Tefaf Fall es la mayor feria de arte y antig\u00fcedades del mundo; naci\u00f3 hace 33 a\u00f1os en Maastricht (Pa\u00edses Bajos) y desde hace tres a\u00f1os tiene sede tambi\u00e9n en Nueva York\u2028<\/p>\n","protected":false},"author":93,"featured_media":0,"comment_status":"open","ping_status":"open","sticky":false,"template":"","format":"standard","meta":{"footnotes":""},"categories":[41],"tags":[],"class_list":["post-93687","post","type-post","status-publish","format-standard","hentry","category-arteria-cultural"],"_links":{"self":[{"href":"https:\/\/plazajuarez.mx\/historico\/wp-json\/wp\/v2\/posts\/93687","targetHints":{"allow":["GET"]}}],"collection":[{"href":"https:\/\/plazajuarez.mx\/historico\/wp-json\/wp\/v2\/posts"}],"about":[{"href":"https:\/\/plazajuarez.mx\/historico\/wp-json\/wp\/v2\/types\/post"}],"author":[{"embeddable":true,"href":"https:\/\/plazajuarez.mx\/historico\/wp-json\/wp\/v2\/users\/93"}],"replies":[{"embeddable":true,"href":"https:\/\/plazajuarez.mx\/historico\/wp-json\/wp\/v2\/comments?post=93687"}],"version-history":[{"count":0,"href":"https:\/\/plazajuarez.mx\/historico\/wp-json\/wp\/v2\/posts\/93687\/revisions"}],"wp:attachment":[{"href":"https:\/\/plazajuarez.mx\/historico\/wp-json\/wp\/v2\/media?parent=93687"}],"wp:term":[{"taxonomy":"category","embeddable":true,"href":"https:\/\/plazajuarez.mx\/historico\/wp-json\/wp\/v2\/categories?post=93687"},{"taxonomy":"post_tag","embeddable":true,"href":"https:\/\/plazajuarez.mx\/historico\/wp-json\/wp\/v2\/tags?post=93687"}],"curies":[{"name":"wp","href":"https:\/\/api.w.org\/{rel}","templated":true}]}}