{"id":93683,"date":"2019-11-03T14:58:28","date_gmt":"2019-11-03T14:58:28","guid":{"rendered":"http:\/\/plazajuarez.mx\/index\/index.php\/2019\/11\/03\/me-decian-que-cantaba-feo-albarran\/"},"modified":"2019-11-03T14:58:28","modified_gmt":"2019-11-03T14:58:28","slug":"me-decian-que-cantaba-feo-albarran","status":"publish","type":"post","link":"https:\/\/plazajuarez.mx\/historico\/me-decian-que-cantaba-feo-albarran\/","title":{"rendered":"&#8220;Me dec\u00edan que cantaba feo&#8221;: Albarr\u00e1n"},"content":{"rendered":"<p>No hace caso <br \/>\u00a0\u00a0 \u00a0\u2022\u00a0\u00a0 \u00a0Rub\u00e9n Albarr\u00e1n no se gu\u00eda por las cr\u00edticas. Por eso, Caf\u00e9 Tacvba har\u00e1 una gira con la banda argentina Soda Stereo\u2028<\/p>\n<p>  <!--more-->  <\/p>\n<p>Rub\u00e9n Albarr\u00e1n, vocalista de Caf\u00e9 Tacvba, recuerda bromista: \u201c\u00a1Nunca me gu\u00edo por las cr\u00edticas!, \u00a1mis compa\u00f1eros de secundaria dec\u00edan que cantaba feo!\u201d <br \/>As\u00ed que no le molestan los comentarios que se generen al confirmarse su presencia con Soda Est\u00e9reo, en una gira que comenzar\u00e1 la banda argentina fundada por Gustavo Cerati.<br \/>\u201cEs un gusto compartir con integrantes que sobreviven a Gustavo y es el inicio de una relaci\u00f3n hermosa; hay grabaci\u00f3n de un tema \u00a1que es sorpresa!\u201d, dice. Adem\u00e1s de Albarr\u00e1n, otros invitados son Mon Laferte, Chris Martin y Le\u00f3n Larregui. Por ahora el int\u00e9rprete espera el estreno, el pr\u00f3ximo d\u00eda 10 de noviembre, de Bios. Vidas que marcaron la tuya, del canal National Geographic, dedicado al grupo.<br \/>Fue un trabajo de nueve meses en el que se entrevist\u00f3 a los integrantes del grupo, Joselo y Quique Rangel, Meme y Rub\u00e9n, y amigos. \u201cFue un honor saber que los primeros documentales hab\u00edan sido del Charly Garc\u00eda, Gustavo Cerati y Alex Lora y ahora nos tomaran en cuenta\u201d, destaca Joselo. \u201cSeguimos siendo libres, cada quien a su manera, pero en t\u00e9rminos de jug\u00e1rnosla en lo que nos gusta ser, seguimos igual\u201d, indic\u00f3. Caf\u00e9 Tacvba celebrar\u00e1 30 a\u00f1os de vida con un concierto decembrino en el Foro Sol, cuyos boletos fueron vendidos en pocas horas.<\/p>\n<p><\/p>\n","protected":false},"excerpt":{"rendered":"<p>No hace caso \u00a0\u00a0 \u00a0\u2022\u00a0\u00a0 \u00a0Rub\u00e9n Albarr\u00e1n no se gu\u00eda por las cr\u00edticas. Por eso, Caf\u00e9 Tacvba har\u00e1 una gira con la banda argentina Soda Stereo\u2028<\/p>\n","protected":false},"author":93,"featured_media":0,"comment_status":"open","ping_status":"open","sticky":false,"template":"","format":"standard","meta":{"footnotes":""},"categories":[38],"tags":[],"class_list":["post-93683","post","type-post","status-publish","format-standard","hentry","category-show"],"_links":{"self":[{"href":"https:\/\/plazajuarez.mx\/historico\/wp-json\/wp\/v2\/posts\/93683","targetHints":{"allow":["GET"]}}],"collection":[{"href":"https:\/\/plazajuarez.mx\/historico\/wp-json\/wp\/v2\/posts"}],"about":[{"href":"https:\/\/plazajuarez.mx\/historico\/wp-json\/wp\/v2\/types\/post"}],"author":[{"embeddable":true,"href":"https:\/\/plazajuarez.mx\/historico\/wp-json\/wp\/v2\/users\/93"}],"replies":[{"embeddable":true,"href":"https:\/\/plazajuarez.mx\/historico\/wp-json\/wp\/v2\/comments?post=93683"}],"version-history":[{"count":0,"href":"https:\/\/plazajuarez.mx\/historico\/wp-json\/wp\/v2\/posts\/93683\/revisions"}],"wp:attachment":[{"href":"https:\/\/plazajuarez.mx\/historico\/wp-json\/wp\/v2\/media?parent=93683"}],"wp:term":[{"taxonomy":"category","embeddable":true,"href":"https:\/\/plazajuarez.mx\/historico\/wp-json\/wp\/v2\/categories?post=93683"},{"taxonomy":"post_tag","embeddable":true,"href":"https:\/\/plazajuarez.mx\/historico\/wp-json\/wp\/v2\/tags?post=93683"}],"curies":[{"name":"wp","href":"https:\/\/api.w.org\/{rel}","templated":true}]}}