{"id":93420,"date":"2019-10-30T06:01:04","date_gmt":"2019-10-30T06:01:04","guid":{"rendered":"http:\/\/plazajuarez.mx\/index\/index.php\/2019\/10\/30\/eligen-consejeros-distritales-de-morena\/"},"modified":"2019-10-30T06:01:04","modified_gmt":"2019-10-30T06:01:04","slug":"eligen-consejeros-distritales-de-morena","status":"publish","type":"post","link":"https:\/\/plazajuarez.mx\/historico\/eligen-consejeros-distritales-de-morena\/","title":{"rendered":"Eligen consejeros distritales de Morena"},"content":{"rendered":"<p>Entre protestas y trifulca<\/p>\n<p>\u00a0\u00a0 \u00a0\u2022\u00a0\u00a0 \u00a0Militantes se quedaron sin votar y sin acceder al auditorio F. Soto, debido a que no estaban acreditados\u2028<br \/>En este proceso, que fue a puerta cerrada, no se permiti\u00f3 el acceso a medios de comunicaci\u00f3n<\/p>\n<p>  <!--more-->  <\/p>\n<p>El domingo se llev\u00f3 a cabo la elecci\u00f3n de consejeros distritales de Morena en el auditorio Manuel F. Soto; sin embargo, una buena cantidad de asistentes se qued\u00f3 sin poder votar, ya que no se permiti\u00f3 el acceso a simpatizantes y militantes adheridos al partido despu\u00e9s del 20 de noviembre de 2017. <br \/>Entre los elegidos, destacan los nombres de\u00a0 Carlos Belmonte y Sherlin Batalla, esposo y hermana, respectivamente, de la coordinadora regional de Programas del Bienestar, Mili Batalla Castillo. <br \/>Tambi\u00e9n resultaron electos: Flor Cervantes, Eugenia Reyes, Alejandra Avenda\u00f1o, Ang\u00e9lica Guerrero, Luis \u00c1ngel Tenorio, Alberto Campillo, Sa\u00fal Soto y Mart\u00edn Sandoval. <br \/>La asamblea fue presidida por Alejandra Casta\u00f1eda, quien asisti\u00f3 en representaci\u00f3n del Comit\u00e9 Nacional de Elecciones de Morena. <br \/>En total, votaron 763 militantes acreditados de un padr\u00f3n de cinco mil 300 morenistas distribuidos en 10 municipios. <br \/>De acuerdo con los consejeros electos, este proceso se valid\u00f3 con el 50 m\u00e1s uno de cada secci\u00f3n electoral, y no con el 50 m\u00e1s uno del total del padr\u00f3n. <br \/>Lo anterior, aseguraron, debido a que\u00a0 el 50 m\u00e1s uno del total de padr\u00f3n, es decir, aproximadamente dos mil 650 morenistas, el auditorio Manuel Fernando Soto hubiese resultado insuficiente, ya que su capacidad no puede rebasar las mil personas.<br \/>Como se hab\u00eda anunciado, los consejeros electos participar\u00e1n el 10 de noviembre como congresistas en la renovaci\u00f3n del comit\u00e9 ejecutivo estatal, as\u00ed como el 22 y 23 del mismo mes en la renovaci\u00f3n del comit\u00e9 ejecutivo nacional de Morena. <\/p>\n","protected":false},"excerpt":{"rendered":"<p>Entre protestas y trifulca \u00a0\u00a0 \u00a0\u2022\u00a0\u00a0 \u00a0Militantes se quedaron sin votar y sin acceder al auditorio F. Soto, debido a que no estaban acreditados\u2028En este proceso, que fue a puerta cerrada, no se permiti\u00f3 el acceso a medios de comunicaci\u00f3n<\/p>\n","protected":false},"author":93,"featured_media":0,"comment_status":"open","ping_status":"open","sticky":false,"template":"","format":"standard","meta":{"footnotes":""},"categories":[40],"tags":[],"class_list":["post-93420","post","type-post","status-publish","format-standard","hentry","category-region"],"_links":{"self":[{"href":"https:\/\/plazajuarez.mx\/historico\/wp-json\/wp\/v2\/posts\/93420","targetHints":{"allow":["GET"]}}],"collection":[{"href":"https:\/\/plazajuarez.mx\/historico\/wp-json\/wp\/v2\/posts"}],"about":[{"href":"https:\/\/plazajuarez.mx\/historico\/wp-json\/wp\/v2\/types\/post"}],"author":[{"embeddable":true,"href":"https:\/\/plazajuarez.mx\/historico\/wp-json\/wp\/v2\/users\/93"}],"replies":[{"embeddable":true,"href":"https:\/\/plazajuarez.mx\/historico\/wp-json\/wp\/v2\/comments?post=93420"}],"version-history":[{"count":0,"href":"https:\/\/plazajuarez.mx\/historico\/wp-json\/wp\/v2\/posts\/93420\/revisions"}],"wp:attachment":[{"href":"https:\/\/plazajuarez.mx\/historico\/wp-json\/wp\/v2\/media?parent=93420"}],"wp:term":[{"taxonomy":"category","embeddable":true,"href":"https:\/\/plazajuarez.mx\/historico\/wp-json\/wp\/v2\/categories?post=93420"},{"taxonomy":"post_tag","embeddable":true,"href":"https:\/\/plazajuarez.mx\/historico\/wp-json\/wp\/v2\/tags?post=93420"}],"curies":[{"name":"wp","href":"https:\/\/api.w.org\/{rel}","templated":true}]}}