{"id":93399,"date":"2019-10-29T23:24:23","date_gmt":"2019-10-29T23:24:23","guid":{"rendered":"http:\/\/plazajuarez.mx\/index\/index.php\/2019\/10\/29\/ranitidina-contiene-sustancias-cancerigenas-cofepris\/"},"modified":"2019-10-29T23:24:23","modified_gmt":"2019-10-29T23:24:23","slug":"ranitidina-contiene-sustancias-cancerigenas-cofepris","status":"publish","type":"post","link":"https:\/\/plazajuarez.mx\/historico\/ranitidina-contiene-sustancias-cancerigenas-cofepris\/","title":{"rendered":"Ranitidina contiene sustancias cancer\u00edgenas: Cofepris"},"content":{"rendered":"<p style=\"text-align: justify;\"><span style=\"font-weight: 400;\">A personas que consumen este f\u00e1rmaco de venta libre, y es usado para prevenir y aliviar la acidez estomacal asociada con la indigesti\u00f3n \u00e1cida, les exhort\u00f3 a cambiar por otros productos.<\/span><\/p>\n<p>  <!--more-->  <\/p>\n<p style=\"text-align: justify;\"><span style=\"font-weight: 400;\">La Comisi\u00f3n Federal para la Protecci\u00f3n Contra Riesgos Sanitarios (Cofepris) llam\u00f3 a los mexicanos a no consumir Ranitidina luego de confirmar que el f\u00e1rmaco contiene la impureza N-nitrosodimetilamina (NDMA), una sustancia que incrementa el riesgo de desarrollar c\u00e1ncer.<\/span><\/p>\n<p style=\"text-align: justify;\"><span style=\"font-weight: 400;\">Luego de comprobar la presencia de la impureza en el f\u00e1rmaco, la Cofepris emiti\u00f3 una serie de indicaciones a la poblaci\u00f3n en general y a los profesionales de la salud.<\/span><\/p>\n<p style=\"text-align: justify;\"><span style=\"font-weight: 400;\">A los mexicanos, los llam\u00f3 a evitar la automedicaci\u00f3n y a no comprar medicamentos que contengan Ranitidina, adem\u00e1s de consultar con un m\u00e9dico otras opciones terap\u00e9uticas.<\/span><\/p>\n<p style=\"text-align: justify;\"><span style=\"font-weight: 400;\">A personas que consumen este f\u00e1rmaco de venta libre, y es usado para prevenir y aliviar la acidez estomacal asociada con la indigesti\u00f3n \u00e1cida, les exhort\u00f3 a cambiar por otros productos.<\/span><\/p>\n<p style=\"text-align: justify;\"><span style=\"font-weight: 400;\">&#8220;S\u00ed se est\u00e1 bajo tratamiento, acudir al m\u00e9dico para cambiar su medicaci\u00f3n&#8221;.<\/span><\/p>\n<p style=\"text-align: justify;\"><span style=\"font-weight: 400;\">A su vez, la Comisi\u00f3n invit\u00f3 al personal m\u00e9dico no prescribir medicina que contenta esta sustancia y considerar otras alternativas terap\u00e9uticas, adem\u00e1s de reportar cualquier reacci\u00f3n adversa relacionada con este tipo de medicamentos.<\/span><\/p>\n<p style=\"text-align: justify;\"><span style=\"font-weight: 400;\">A farmacias y distribuidores les solicit\u00f3 suspender la comercializaci\u00f3n de los medicamentos que en su formulaci\u00f3n contengan Ranitidina, en tanto se toman las medidas que garanticen la seguridad del producto, mientras que a los titulares de los registros sanitarios de los medicamentos que contienen en su formulaci\u00f3n Ranitidina deben suspender la fabricaci\u00f3n, distribuci\u00f3n y venta de estos f\u00e1rmacos.<\/span><\/p>\n<p style=\"text-align: justify;\"><span style=\"font-weight: 400;\">&#8220;Esta Comisi\u00f3n Federal se encuentra en comunicaci\u00f3n con los titulares de los registros sanitarios de los medicamentos en M\u00e9xico, que en su formulaci\u00f3n contienen Ranitidina, para establecer las medidas conducentes que garanticen la seguridad del producto&#8221;, resalt\u00f3 el organismo que encabeza Jos\u00e9 Alonso Novelo Baeza.<\/span><\/p>\n","protected":false},"excerpt":{"rendered":"<p>A personas que consumen este f\u00e1rmaco de venta libre, y es usado para prevenir y aliviar la acidez estomacal asociada con la indigesti\u00f3n \u00e1cida, les exhort\u00f3 a cambiar por otros productos.<\/p>\n","protected":false},"author":1,"featured_media":0,"comment_status":"open","ping_status":"open","sticky":false,"template":"","format":"standard","meta":{"footnotes":""},"categories":[36],"tags":[],"class_list":["post-93399","post","type-post","status-publish","format-standard","hentry","category-nacion"],"_links":{"self":[{"href":"https:\/\/plazajuarez.mx\/historico\/wp-json\/wp\/v2\/posts\/93399","targetHints":{"allow":["GET"]}}],"collection":[{"href":"https:\/\/plazajuarez.mx\/historico\/wp-json\/wp\/v2\/posts"}],"about":[{"href":"https:\/\/plazajuarez.mx\/historico\/wp-json\/wp\/v2\/types\/post"}],"author":[{"embeddable":true,"href":"https:\/\/plazajuarez.mx\/historico\/wp-json\/wp\/v2\/users\/1"}],"replies":[{"embeddable":true,"href":"https:\/\/plazajuarez.mx\/historico\/wp-json\/wp\/v2\/comments?post=93399"}],"version-history":[{"count":0,"href":"https:\/\/plazajuarez.mx\/historico\/wp-json\/wp\/v2\/posts\/93399\/revisions"}],"wp:attachment":[{"href":"https:\/\/plazajuarez.mx\/historico\/wp-json\/wp\/v2\/media?parent=93399"}],"wp:term":[{"taxonomy":"category","embeddable":true,"href":"https:\/\/plazajuarez.mx\/historico\/wp-json\/wp\/v2\/categories?post=93399"},{"taxonomy":"post_tag","embeddable":true,"href":"https:\/\/plazajuarez.mx\/historico\/wp-json\/wp\/v2\/tags?post=93399"}],"curies":[{"name":"wp","href":"https:\/\/api.w.org\/{rel}","templated":true}]}}