{"id":933,"date":"2015-02-16T06:00:00","date_gmt":"2015-02-16T06:00:00","guid":{"rendered":"http:\/\/plazajuarez.mx\/index\/index.php\/2015\/02\/16\/futbol-nacional-15\/"},"modified":"2015-02-16T06:00:00","modified_gmt":"2015-02-16T06:00:00","slug":"futbol-nacional-15","status":"publish","type":"post","link":"https:\/\/plazajuarez.mx\/historico\/futbol-nacional-15\/","title":{"rendered":"Futbol Nacional"},"content":{"rendered":"<p>Tom\u00e1s Boy da de que hablar de nuevo <\/p>\n<p>El t\u00e9cnico de los Rojinegros del Atlas, Tomas Boy, no s\u00f3lo admiti\u00f3 que la derrota ante Pachuca es dif\u00edcil de digerir, sino que tambi\u00e9n denunci\u00f3 que hay persecuci\u00f3n en contra del defensa Walter Kannemann, quien sum\u00f3 su cuarta amonestaci\u00f3n en igual n\u00famero de partidos.<\/p>\n<p>  <!--more-->  <\/p>\n<p>&#8220;Ya sabemos que en esta temporada hay muchos problemas en ese sentido. Estoy muy molesto con algunas situaciones, como la intimidaci\u00f3n sobre Kannemann, creo que hay persecuci\u00f3n de algunos personajes, de algunos cr\u00edticos.<\/p>\n<p>&#8220;Lleva una amonestaci\u00f3n por partido. El trato no es parejo, el tipo entra bien, entra duro, disputa la pelota como hombre, el f\u00fatbol es de hombres, pero el trato sobre su persona es de intimidaci\u00f3n. Me acerqu\u00e9 al \u00e1rbitro a decirle que no pod\u00eda intimidar as\u00ed a mi jugador&#8221;, dijo Boy Espinoza.<\/p>\n<p>Agreg\u00f3 que la consigna en contra de su jugador no es de ahora, pues en duelos anteriores ya hab\u00eda existido.<\/p>\n<p>&#8220;Contra Jaguares, el otro entrenador pidi\u00f3 todo el partido su expulsi\u00f3n, es una cosa que no debe pasar&#8221;, indic\u00f3 el timonel.<\/p>\n<p>&#8220;Esperemos que el se\u00f1or (Edgardo) Codesal tenga a bien trabajar con los \u00e1rbitros para que no haya predisposiciones, se est\u00e1 prejuzgando mucho. Kannemann es un jugador indomable y estoy muy contento con eso. Lo voy a calmar, por supuesto que s\u00ed, tiene temperamento pero as\u00ed es el f\u00fatbol&#8221;, culmin\u00f3.<\/p>\n<p>***<br \/>Apelar\u00e1n expulsi\u00f3n\u00a0 de Fidel Mart\u00ednez <\/p>\n<p>El Vicepresidente Ejecutivo de la Universidad de Guadalajara, Alberto Castellanos, asegur\u00f3 que se apelar\u00e1 ante la Comisi\u00f3n Disciplinaria, la sanci\u00f3n que le impongan a su jugador Fidel Martinez, quien en el duelo del s\u00e1bado ante Le\u00f3n, fue expulsado tras ver dos tarjetas amarillas en un muy breve lapso de tiempo.<\/p>\n<p>As\u00ed mismo, el dirigente universitario justifico que los \u00e1rbitros puedan tener errores, debido a las condiciones de su labor dentro del campo, pero esperan que se les aplique justicia, ya que, en su criterio, el juez Jorge Alberto P\u00e9rez Duran fue rigorista.<\/p>\n<p>&#8220;Hubo algunos detalles, dudas que tenemos en el tema arbitral, la expulsi\u00f3n de Fidel Martinez, le sacan dos tarjetas en treinta segundos y tambi\u00e9n el tema de algunas jugadas dudosas que estamos analizando.<\/p>\n<p>&#8220;Para mi son errores circunstanciales, finalmente el arbitro tiene pocos segundos para tomar una decisi\u00f3n, sin embargo, el hecho es que cuando se revisa las jugadas, por supuesto que en el estadio no alcanzas a ver, pero luego ves la repetici\u00f3n y ellos est\u00e1n m\u00e1s cerca de la jugada, tienen otra \u00f3ptica&#8230; Pueden equivocarse y es normal, pero la jugada de Fidel y las dos amarillas, s\u00ed vamos a apelar el tema porque nos parece demasiado rigorista, esperamos que pueda librarse la sanci\u00f3n de Fidel&#8221;, explic\u00f3 el alto mando universitario a la emisora &#8220;Radio Metr\u00f3poli&#8221;.<\/p>\n<p>****<br \/>LIGA DE ASCENSO<br \/>Dorados en la cima <\/p>\n<p>La jornada seis de la Liga de Ascenso MX dej\u00f3 a un nuevo l\u00edder, Dorados de Sinaloa, que gan\u00f3 su partido por 3-1 ante Correcaminos.<\/p>\n<p>La sexta fecha la inauguraron en el Universitario de Lobos BUAP, en el que los locales derrotaron a los Rayos de Necaxa por un marcador de 4-2. Ese mismo d\u00eda, Irapuato har\u00eda lo propio al derrotar por la m\u00ednima diferencia a Celaya.<\/p>\n<p>El \u00faltimo duelo del viernes lo disputaron M\u00e9rida y Atl\u00e9tico San Luis, en el que Venados se alz\u00f3 con la victoria por un 2-1.<\/p>\n<p>Para la jornada sabatina, Zacatecas fue a ganar a la cancha de Alebrijes con un contundente 3-1 final, un duelo m\u00e1s se vivi\u00f3 en Tepic, en donde Coras venci\u00f3 2-1 al Atlante, resultado con el que comparte el liderato de la tabla general, aunque los de Sinaloa con mejor diferencia de goles.<\/p>\n<p>El partido que cerr\u00f3 la fecha seis del Clausura 2015 en el Ascenso MX, se dio en Tamaulipas entre Altamira y Zacatepec, en el que el marcador final favoreci\u00f3 a los locales por un gol a cero.<\/p>\n","protected":false},"excerpt":{"rendered":"<p>Tom\u00e1s Boy da de que hablar de nuevo El t\u00e9cnico de los Rojinegros del Atlas, Tomas Boy, no s\u00f3lo admiti\u00f3 que la derrota ante Pachuca es dif\u00edcil de digerir, sino que tambi\u00e9n denunci\u00f3 que hay persecuci\u00f3n en contra del defensa Walter Kannemann, quien sum\u00f3 su cuarta amonestaci\u00f3n en igual n\u00famero de partidos.<\/p>\n","protected":false},"author":93,"featured_media":0,"comment_status":"open","ping_status":"open","sticky":false,"template":"","format":"standard","meta":{"footnotes":""},"categories":[39],"tags":[],"class_list":["post-933","post","type-post","status-publish","format-standard","hentry","category-deportiva"],"_links":{"self":[{"href":"https:\/\/plazajuarez.mx\/historico\/wp-json\/wp\/v2\/posts\/933","targetHints":{"allow":["GET"]}}],"collection":[{"href":"https:\/\/plazajuarez.mx\/historico\/wp-json\/wp\/v2\/posts"}],"about":[{"href":"https:\/\/plazajuarez.mx\/historico\/wp-json\/wp\/v2\/types\/post"}],"author":[{"embeddable":true,"href":"https:\/\/plazajuarez.mx\/historico\/wp-json\/wp\/v2\/users\/93"}],"replies":[{"embeddable":true,"href":"https:\/\/plazajuarez.mx\/historico\/wp-json\/wp\/v2\/comments?post=933"}],"version-history":[{"count":0,"href":"https:\/\/plazajuarez.mx\/historico\/wp-json\/wp\/v2\/posts\/933\/revisions"}],"wp:attachment":[{"href":"https:\/\/plazajuarez.mx\/historico\/wp-json\/wp\/v2\/media?parent=933"}],"wp:term":[{"taxonomy":"category","embeddable":true,"href":"https:\/\/plazajuarez.mx\/historico\/wp-json\/wp\/v2\/categories?post=933"},{"taxonomy":"post_tag","embeddable":true,"href":"https:\/\/plazajuarez.mx\/historico\/wp-json\/wp\/v2\/tags?post=933"}],"curies":[{"name":"wp","href":"https:\/\/api.w.org\/{rel}","templated":true}]}}