{"id":93280,"date":"2019-10-28T01:13:38","date_gmt":"2019-10-28T01:13:38","guid":{"rendered":"http:\/\/plazajuarez.mx\/index\/index.php\/2019\/10\/28\/diputados-sesionan-a-puerta-cerrada-para-evitar-agresiones\/"},"modified":"2019-10-28T01:13:38","modified_gmt":"2019-10-28T01:13:38","slug":"diputados-sesionan-a-puerta-cerrada-para-evitar-agresiones","status":"publish","type":"post","link":"https:\/\/plazajuarez.mx\/historico\/diputados-sesionan-a-puerta-cerrada-para-evitar-agresiones\/","title":{"rendered":"Diputados sesionan a puerta cerrada para evitar agresiones"},"content":{"rendered":"<p style=\"text-align: justify;\">El diputado de Morena, V\u00edctor Guerrero, respaldo a las integrantes de Marea Verde y asever\u00f3 que en todo momento se han conducido de manera pac\u00edfica y en di\u00e1logo, a diferencia de la llamada Ola Celeste que ha cometido agresiones e intimidaciones.<\/p>\n<p>  <!--more-->  <\/p>\n<p style=\"text-align: justify;\">Diputados de las comisiones de Seguridad y la de Legislaci\u00f3n y Puntos Constitucionales en el congreso de Hidalgo, determinaron sesionar a puerta cerrada luego de las agresiones que sufrieran activistas de Marea Verde por parte de la Ola Celeste, por la polarizaci\u00f3n que se ha generado por el tratamiento de la iniciativa de Interrupci\u00f3n Legal del Embarazo (ILE).<br \/> Hace unas semanas las integrantes de Marea Verde acusaron haber recibido algunas agresiones durante la discusi\u00f3n de comisiones conjuntas, donde se pretend\u00eda dictaminar la ILE, durante la sesi\u00f3n ambos grupos coincidieron y al finalizar los trabajos los integrantes de la ola azul con pancartas y gritos exigieron a los diputados votar en contra de la iniciativa.<br \/> En tanto que a las activistas se les acorral\u00f3 en el \u00e1rea de ascensores.<br \/> Tras el incidente se determin\u00f3 sesionar a puerta cerrada. Sin embargo, se inform\u00f3 que se pidi\u00f3 a la presidenta de la Comisi\u00f3n de Legislaci\u00f3n y Puntos Constitucionales, Roxana Montealegre, que las sesiones sean televisadas para garantizar la transparencia.<\/p>\n<p style=\"text-align: justify;\"> El diputado de Morena, V\u00edctor Guerrero, respaldo a las integrantes de Marea Verde y asever\u00f3 que en todo momento se han conducido de manera pac\u00edfica y en di\u00e1logo, a diferencia de la llamada Ola Celeste que ha cometido agresiones e intimidaciones.<br \/> El diputado tambi\u00e9n dio a conocer que las legisladoras de Morena: Areli Rubi Miranda Ayala y Lizeth Marcelino Tovar, interpondr\u00e1n una denuncia penal ante la Procuradur\u00eda de Justicia por las amenazas a trav\u00e9s de Facebook y por lonas debido a su respaldo a la ILE.<\/p>\n<p style=\"text-align: justify;\"> En el estado no ha podido avanzar en la dictaminaci\u00f3n de la iniciativa del embarazo seguro, debido a que las activistas acusan dilaci\u00f3n de parte de los legisladores y de crear el clima de polarizaci\u00f3n.<\/p>\n","protected":false},"excerpt":{"rendered":"<p>El diputado de Morena, V\u00edctor Guerrero, respaldo a las integrantes de Marea Verde y asever\u00f3 que en todo momento se han conducido de manera pac\u00edfica y en di\u00e1logo, a diferencia de la llamada Ola Celeste que ha cometido agresiones e intimidaciones.<\/p>\n","protected":false},"author":1,"featured_media":0,"comment_status":"open","ping_status":"open","sticky":false,"template":"","format":"standard","meta":{"footnotes":""},"categories":[59],"tags":[],"class_list":["post-93280","post","type-post","status-publish","format-standard","hentry","category-general"],"_links":{"self":[{"href":"https:\/\/plazajuarez.mx\/historico\/wp-json\/wp\/v2\/posts\/93280","targetHints":{"allow":["GET"]}}],"collection":[{"href":"https:\/\/plazajuarez.mx\/historico\/wp-json\/wp\/v2\/posts"}],"about":[{"href":"https:\/\/plazajuarez.mx\/historico\/wp-json\/wp\/v2\/types\/post"}],"author":[{"embeddable":true,"href":"https:\/\/plazajuarez.mx\/historico\/wp-json\/wp\/v2\/users\/1"}],"replies":[{"embeddable":true,"href":"https:\/\/plazajuarez.mx\/historico\/wp-json\/wp\/v2\/comments?post=93280"}],"version-history":[{"count":0,"href":"https:\/\/plazajuarez.mx\/historico\/wp-json\/wp\/v2\/posts\/93280\/revisions"}],"wp:attachment":[{"href":"https:\/\/plazajuarez.mx\/historico\/wp-json\/wp\/v2\/media?parent=93280"}],"wp:term":[{"taxonomy":"category","embeddable":true,"href":"https:\/\/plazajuarez.mx\/historico\/wp-json\/wp\/v2\/categories?post=93280"},{"taxonomy":"post_tag","embeddable":true,"href":"https:\/\/plazajuarez.mx\/historico\/wp-json\/wp\/v2\/tags?post=93280"}],"curies":[{"name":"wp","href":"https:\/\/api.w.org\/{rel}","templated":true}]}}