{"id":93278,"date":"2019-10-28T00:09:02","date_gmt":"2019-10-28T00:09:02","guid":{"rendered":"http:\/\/plazajuarez.mx\/index\/index.php\/2019\/10\/28\/iniciativa-privada-y-artistas-se-unen-para-fomentar-el-arte\/"},"modified":"2019-10-28T00:09:02","modified_gmt":"2019-10-28T00:09:02","slug":"iniciativa-privada-y-artistas-se-unen-para-fomentar-el-arte","status":"publish","type":"post","link":"https:\/\/plazajuarez.mx\/historico\/iniciativa-privada-y-artistas-se-unen-para-fomentar-el-arte\/","title":{"rendered":"Iniciativa privada y artistas se unen para fomentar el arte"},"content":{"rendered":"<p style=\"text-align: justify;\">EN ACTOPAN<\/p>\n<p style=\"text-align: justify;\">Realizar\u00e1n siguiente edici\u00f3n del\u00a0 \u201cbebe y traza\u201d en d\u00f3nde adem\u00e1s del fomento del trabajo de los artistas tambi\u00e9n se convoca al di\u00e1logo entre los propios artistas.<\/p>\n<p>  <!--more-->  <\/p>\n<p style=\"text-align: justify;\">\u00a0<\/p>\n<p style=\"text-align: justify;\">El lunes y el martes se realizar\u00e1n diversas actividades dentro del municipio de Actopan entorno al D\u00eda de Muertos en el marco del \u201cBebe y traza\u201d que es un movimiento art\u00edstico que de acuerdo a sus organizadores \u201cinvita a profesionistas en el mismo \u00e1mbito a conocerse y convivir. Con el objetivo de que exista un di\u00e1logo entre las personas que est\u00e1n involucradas en el sector art\u00edstico\u201d, adem\u00e1s de que la poblaci\u00f3n en general tenga acceso al trabajo de estos.<\/p>\n<p style=\"text-align: justify;\">Por lo anterior, el d\u00eda lunes en punto de las 19 horas se realizar\u00e1, en el centro del municipio, un recorrido fotogr\u00e1fico\u00a0 denominado \u201cCamino al Mictl\u00e1n\u201d, as\u00ed como un ritual prehisp\u00e1nico que conducir\u00e1 Ollin Guerrero, y finalmente la inauguraci\u00f3n de la Galer\u00eda de Ilustradores que estar\u00e1 amenizada por el DJ Indhigo alrededor de las 20:45 horas, todas estas actividades ser\u00e1n de entrada libre.<\/p>\n<p style=\"text-align: justify;\">Por otra parte el martes 29 de octubre, se realizar\u00e1n algunas actividades como el taller de dibujo caracterizado que estar\u00e1 a cargo de Natalia P\u00e1jaro, as\u00ed como una charla de fotograf\u00eda con Brenda Camargo, as\u00ed como otra charla con C\u00e9sar Mendoza, est\u00e9 evento contar\u00e1 con \u201cgr\u00e1fica en vivo\u201d que realizar\u00e1 Javier Arelyss y el evento concluir\u00e1 con Emamnuel Zu\u00f1iga qui\u00e9n presentar\u00e1 Caribeat y Shaman DJ.<\/p>\n<p style=\"text-align: justify;\">Cabe destacar que las actividades que se realizar\u00e1n ma\u00f1ana tendr\u00e1n una cuota de recuperaci\u00f3n por lo que los interesados podr\u00e1n solicitar informaci\u00f3n en el FB San Miguelito restaurante; tambi\u00e9n\u00a0 en el evento de Facebook, Bebe y Traza; o en Nirita, tambi\u00e9n en esta red social.<\/p>\n","protected":false},"excerpt":{"rendered":"<p>EN ACTOPAN Realizar\u00e1n siguiente edici\u00f3n del\u00a0 \u201cbebe y traza\u201d en d\u00f3nde adem\u00e1s del fomento del trabajo de los artistas tambi\u00e9n se convoca al di\u00e1logo entre los propios artistas.<\/p>\n","protected":false},"author":1,"featured_media":0,"comment_status":"open","ping_status":"open","sticky":false,"template":"","format":"standard","meta":{"footnotes":""},"categories":[40],"tags":[],"class_list":["post-93278","post","type-post","status-publish","format-standard","hentry","category-region"],"_links":{"self":[{"href":"https:\/\/plazajuarez.mx\/historico\/wp-json\/wp\/v2\/posts\/93278","targetHints":{"allow":["GET"]}}],"collection":[{"href":"https:\/\/plazajuarez.mx\/historico\/wp-json\/wp\/v2\/posts"}],"about":[{"href":"https:\/\/plazajuarez.mx\/historico\/wp-json\/wp\/v2\/types\/post"}],"author":[{"embeddable":true,"href":"https:\/\/plazajuarez.mx\/historico\/wp-json\/wp\/v2\/users\/1"}],"replies":[{"embeddable":true,"href":"https:\/\/plazajuarez.mx\/historico\/wp-json\/wp\/v2\/comments?post=93278"}],"version-history":[{"count":0,"href":"https:\/\/plazajuarez.mx\/historico\/wp-json\/wp\/v2\/posts\/93278\/revisions"}],"wp:attachment":[{"href":"https:\/\/plazajuarez.mx\/historico\/wp-json\/wp\/v2\/media?parent=93278"}],"wp:term":[{"taxonomy":"category","embeddable":true,"href":"https:\/\/plazajuarez.mx\/historico\/wp-json\/wp\/v2\/categories?post=93278"},{"taxonomy":"post_tag","embeddable":true,"href":"https:\/\/plazajuarez.mx\/historico\/wp-json\/wp\/v2\/tags?post=93278"}],"curies":[{"name":"wp","href":"https:\/\/api.w.org\/{rel}","templated":true}]}}