{"id":93277,"date":"2019-10-27T19:28:39","date_gmt":"2019-10-27T19:28:39","guid":{"rendered":"http:\/\/plazajuarez.mx\/index\/index.php\/2019\/10\/27\/ruta-del-desfile-internacional-del-dia-de-muertos-2019\/"},"modified":"2019-10-27T19:28:39","modified_gmt":"2019-10-27T19:28:39","slug":"ruta-del-desfile-internacional-del-dia-de-muertos-2019","status":"publish","type":"post","link":"https:\/\/plazajuarez.mx\/historico\/ruta-del-desfile-internacional-del-dia-de-muertos-2019\/","title":{"rendered":"Ruta del Desfile Internacional del D\u00eda de Muertos 2019"},"content":{"rendered":"<p style=\"text-align: justify;\">A fin de garantizar la movilidad de los asistentes a los diversos eventos culturales y deportivos que se realizar\u00e1n este fin de semana en la Ciudad de M\u00e9xico, los sistemas de transporte de pasajeros realizar\u00e1n ajustes sus rutas.<\/p>\n<p>  <!--more-->  <\/p>\n<p style=\"text-align: justify;\">aEste domingo 27 de octubre, a las 14 horas se llevar\u00e1 a cabo el Desfile Internacional de D\u00eda de Muertos 2019, en la Ciudad de M\u00e9xico. Ser\u00e1 un espect\u00e1culo con 10 marionetas gigantes, 3 carros aleg\u00f3ricos y 24 empujables.<\/p>\n<p style=\"text-align: justify;\">A fin de garantizar la movilidad de los asistentes a los diversos eventos culturales y deportivos que se realizar\u00e1n este fin de semana en la Ciudad de M\u00e9xico, los sistemas de transporte de pasajeros realizar\u00e1n ajustes sus rutas.<\/p>\n<p style=\"text-align: justify;\"><strong>Conoce la ruta<\/strong><\/p>\n<p style=\"text-align: justify;\">El evento iniciar\u00e1 en el Z\u00f3calo capitalino para incorporarse por la calle 5 de Mayo rumbo a la avenida Ju\u00e1rez, de donde enfilar\u00e1 a Paseo de la Reforma hasta la Estela de Luz.<\/p>\n<p style=\"text-align: justify;\">Se indic\u00f3 que para prevenir faltas administrativas y actos il\u00edcitos, se monitorear\u00e1n las calles mediante las c\u00e1maras de video-vigilancia de los centros de Comando y Control (C-2) y de Comando, Control, C\u00f3mputo, Comunicaciones y Contacto Ciudadano (C-5) de la Ciudad de M\u00e9xico.<\/p>\n<p style=\"text-align: justify;\"><strong>Alternativas viales<\/strong><\/p>\n<p style=\"text-align: justify;\">Debido a los cortes a la circulaci\u00f3n, la dependencia recomend\u00f3 utilizar al norte el Circuito Interior, al sur el Circuito Interior y Anillo de Circunvalaci\u00f3n.<\/p>\n<p style=\"text-align: justify;\">Al oriente el Eje 1 Norte en sus tramos de Alzate, Mosqueta y Ray\u00f3n, as\u00ed como las avenidas Chapultepec, Doctor R\u00edo de la Loza y Fray Servando Teresa de Mier, mientras que al poniente est\u00e1n la avenida Jos\u00e9 Mar\u00eda Izazaga, Arcos de Bel\u00e9n y su continuaci\u00f3n por la avenida Chapultepec.<\/p>\n<p style=\"text-align: justify;\">Record\u00f3 que para conocer la informaci\u00f3n en tiempo real est\u00e1n las redes sociales, en su cuenta @OVIALCDMX, sobre los pormenores del evento y de hechos relevantes en @SSP_CDMX, y para solicitar apoyo en materia de seguridad en @UCS_GCDMX.<\/p>\n<p style=\"text-align: justify;\">Llam\u00f3 a la ciudadan\u00eda a respetar los cortes viales y atender las indicaciones que se puedan llevar a cabo, adem\u00e1s de anticipar salidas y en caso de emergencia localizar puntos de seguridad aleda\u00f1os.<\/p>\n","protected":false},"excerpt":{"rendered":"<p>A fin de garantizar la movilidad de los asistentes a los diversos eventos culturales y deportivos que se realizar\u00e1n este fin de semana en la Ciudad de M\u00e9xico, los sistemas de transporte de pasajeros realizar\u00e1n ajustes sus rutas.<\/p>\n","protected":false},"author":1,"featured_media":0,"comment_status":"open","ping_status":"open","sticky":false,"template":"","format":"standard","meta":{"footnotes":""},"categories":[36],"tags":[],"class_list":["post-93277","post","type-post","status-publish","format-standard","hentry","category-nacion"],"_links":{"self":[{"href":"https:\/\/plazajuarez.mx\/historico\/wp-json\/wp\/v2\/posts\/93277","targetHints":{"allow":["GET"]}}],"collection":[{"href":"https:\/\/plazajuarez.mx\/historico\/wp-json\/wp\/v2\/posts"}],"about":[{"href":"https:\/\/plazajuarez.mx\/historico\/wp-json\/wp\/v2\/types\/post"}],"author":[{"embeddable":true,"href":"https:\/\/plazajuarez.mx\/historico\/wp-json\/wp\/v2\/users\/1"}],"replies":[{"embeddable":true,"href":"https:\/\/plazajuarez.mx\/historico\/wp-json\/wp\/v2\/comments?post=93277"}],"version-history":[{"count":0,"href":"https:\/\/plazajuarez.mx\/historico\/wp-json\/wp\/v2\/posts\/93277\/revisions"}],"wp:attachment":[{"href":"https:\/\/plazajuarez.mx\/historico\/wp-json\/wp\/v2\/media?parent=93277"}],"wp:term":[{"taxonomy":"category","embeddable":true,"href":"https:\/\/plazajuarez.mx\/historico\/wp-json\/wp\/v2\/categories?post=93277"},{"taxonomy":"post_tag","embeddable":true,"href":"https:\/\/plazajuarez.mx\/historico\/wp-json\/wp\/v2\/tags?post=93277"}],"curies":[{"name":"wp","href":"https:\/\/api.w.org\/{rel}","templated":true}]}}