{"id":93275,"date":"2019-10-27T16:46:50","date_gmt":"2019-10-27T16:46:50","guid":{"rendered":"http:\/\/plazajuarez.mx\/index\/index.php\/2019\/10\/27\/agresion-entre-militantes-morenistas-y-comite-organizador\/"},"modified":"2019-10-27T16:46:50","modified_gmt":"2019-10-27T16:46:50","slug":"agresion-entre-militantes-morenistas-y-comite-organizador","status":"publish","type":"post","link":"https:\/\/plazajuarez.mx\/historico\/agresion-entre-militantes-morenistas-y-comite-organizador\/","title":{"rendered":"Agresi\u00f3n entre militantes morenistas y comit\u00e9 organizador"},"content":{"rendered":"<p style=\"text-align: justify;\">Tepeapulco, Hgo.<\/p>\n<p style=\"text-align: justify;\">La falta de capacidad de los que est\u00e1n en las mesas de registro fue rebasado por los m\u00e1s de 70 simpatizantes que exig\u00edan se les permitiera emitir su voto.<\/p>\n<p>  <!--more-->  <\/p>\n<p style=\"text-align: justify;\">Entre una serie de agresiones por parte de la militancia morenista e integrantes del comit\u00e9 organizador, inicio la asamblea distrital por el 07 distrito de Tepeapulco.<\/p>\n<p style=\"text-align: justify;\">Los hechos violentos que se suscitaron a la hora del registro de quienes supuestamente se encuentran registrados, fueron rasurados del padr\u00f3n con que cuenta este Partido Pol\u00edtico<\/p>\n<p style=\"text-align: justify;\">Asimismo la falta de capacidad de los que est\u00e1n en las mesas de registro fue rebasado por los m\u00e1s de 70 simpatizantes que exig\u00edan se les permitiera emitir su voto.<\/p>\n","protected":false},"excerpt":{"rendered":"<p>Tepeapulco, Hgo. La falta de capacidad de los que est\u00e1n en las mesas de registro fue rebasado por los m\u00e1s de 70 simpatizantes que exig\u00edan se les permitiera emitir su voto.<\/p>\n","protected":false},"author":1,"featured_media":0,"comment_status":"open","ping_status":"open","sticky":false,"template":"","format":"standard","meta":{"footnotes":""},"categories":[40],"tags":[],"class_list":["post-93275","post","type-post","status-publish","format-standard","hentry","category-region"],"_links":{"self":[{"href":"https:\/\/plazajuarez.mx\/historico\/wp-json\/wp\/v2\/posts\/93275","targetHints":{"allow":["GET"]}}],"collection":[{"href":"https:\/\/plazajuarez.mx\/historico\/wp-json\/wp\/v2\/posts"}],"about":[{"href":"https:\/\/plazajuarez.mx\/historico\/wp-json\/wp\/v2\/types\/post"}],"author":[{"embeddable":true,"href":"https:\/\/plazajuarez.mx\/historico\/wp-json\/wp\/v2\/users\/1"}],"replies":[{"embeddable":true,"href":"https:\/\/plazajuarez.mx\/historico\/wp-json\/wp\/v2\/comments?post=93275"}],"version-history":[{"count":0,"href":"https:\/\/plazajuarez.mx\/historico\/wp-json\/wp\/v2\/posts\/93275\/revisions"}],"wp:attachment":[{"href":"https:\/\/plazajuarez.mx\/historico\/wp-json\/wp\/v2\/media?parent=93275"}],"wp:term":[{"taxonomy":"category","embeddable":true,"href":"https:\/\/plazajuarez.mx\/historico\/wp-json\/wp\/v2\/categories?post=93275"},{"taxonomy":"post_tag","embeddable":true,"href":"https:\/\/plazajuarez.mx\/historico\/wp-json\/wp\/v2\/tags?post=93275"}],"curies":[{"name":"wp","href":"https:\/\/api.w.org\/{rel}","templated":true}]}}