{"id":93274,"date":"2019-10-27T15:45:32","date_gmt":"2019-10-27T15:45:32","guid":{"rendered":"http:\/\/plazajuarez.mx\/index\/index.php\/2019\/10\/27\/patente-de-corso-2\/"},"modified":"2019-10-27T15:45:32","modified_gmt":"2019-10-27T15:45:32","slug":"patente-de-corso-2","status":"publish","type":"post","link":"https:\/\/plazajuarez.mx\/historico\/patente-de-corso-2\/","title":{"rendered":"Patente de corso\u2026"},"content":{"rendered":"<p>PIDO LA PALABRA<br \/>\u00a0\u00a0 \u00a0\u2022\u00a0\u00a0 \u00a0En \u00faltimos tiempos el concepto de \u201cservidor p\u00fablico\u201d se ha convertido en una sombra de nuestra \u00e9poca\u2028<\/p>\n<p>  <!--more-->  <\/p>\n<p>\u00bfQu\u00e9 es lo que tiene la investidura de servidor p\u00fablico que provoca que muchos de sus poseedores pierdan el piso? Yo creo que nada en principio, pues no es la calidad de servidor p\u00fablico lo que ocasiona que la moralidad de algunos de ellos se vea relajada; m\u00e1s bien es su apocada mentalidad lo que los hace sentir que son todopoderosos, pues algunos jam\u00e1s hab\u00edan tenido la oportunidad de servir y por ello acaban por servirse del pueblo; en otros casos, es su ambici\u00f3n la que provoca una transmutaci\u00f3n de los planes originalmente ofrecidos.<\/p>\n<p>Cualquiera que sea la raz\u00f3n, el ciudadano solo ve que la pol\u00edtica, o m\u00e1s concretamente los pol\u00edticos, son solo unos depredadores de la sociedad; aunque en honor a la verdad, en ese grupo selecto de pol\u00edticos mediocres y ambiciosos ni est\u00e1n todos los que son, ni son todos los que est\u00e1n.<\/p>\n<p>Lo cierto es que en \u00faltimos tiempos el concepto de \u201cservidor p\u00fablico\u201d se ha convertido en una sombra de nuestra \u00e9poca; lejos de verlos como un aliado en busca de objetivos que permitan un desarrollo social, se le ve al funcionario bal\u00edn como sin\u00f3nimo de corrupci\u00f3n, como un sujeto prepotente que en el momento de exigirle el cumplimiento de sus funciones, enseguida sale con el argumento de que es persecuci\u00f3n pol\u00edtica.<\/p>\n<p>Servidores p\u00fablicos que se hacen llamar \u201cfuncionarios p\u00fablicos\u201d como para convencer y convencerse de que son poseedores de un poder que les otorga patente de corso; simplemente se sienten intocables. Cometen actos que, si lo hiciere alg\u00fan ciudadano com\u00fan y corriente, ser\u00eda causa para una sanci\u00f3n \u201cejemplar\u201d; pero lo hace un \u201cfuncionario p\u00fablico\u201d y de inmediato apela al \u201cparo de alg\u00fan cuate encumbrado\u201d para evadir la responsabilidad; probablemente tambi\u00e9n esperar\u00e1 que su castigo se reduzca a que lo acusen con su mam\u00e1.<\/p>\n<p>Algunos mediocres que en ejercicio de su ef\u00edmero poder alcanzan notoriedad, pero no por sus buenas acciones, sino por los esc\u00e1ndalos en los que se ven involucrados.<\/p>\n<p>Ese influyentismo se est\u00e1 convirtiendo, adem\u00e1s de la delincuencia organizada, en otro peligro m\u00e1s para la sociedad. \u00bfPara donde debe voltear el ciudadano?, para un lado est\u00e1n las balas y para el otro est\u00e1 la prepotencia, de funcionarios y de hijos de funcionarios que no saben que representar es un elevado honor.<\/p>\n<p>Estamos fregados desde el momento en que los errores tratan de evadirse y los escasos huevos que pone la gallina hasta el burro los quiere cacarear y ponerse la estrella.<\/p>\n<p>Por eso, Servidor p\u00fablico, cuando veas las barbas de tu vecino cortar, lo mejor es que te pongas a trabajar, al menos es lo que han estado haciendo \u00faltimamente algunos eternos l\u00edderes sindicales y otros aplican el \u201ces mejor el aqu\u00ed corri\u00f3 que el aqu\u00ed qued\u00f3\u201d.<\/p>\n<p>Te sugiero servidor p\u00fablico que no denigres el cargo que se te ha confiado, debes convertirte en parte de la soluci\u00f3n y no en parte del problema; no te escudes en la pol\u00edtica para abusar del poder; no te ampares en la antigua charola para ocultar tu mediocridad. El ciudadano te necesita como apoyo y no como un lastre que cuesta mucho al erario p\u00fablico.<\/p>\n<p>Las palabras se las lleva el viento, pero mi pensamiento escrito est\u00e1.<\/p>\n<p><\/p>\n","protected":false},"excerpt":{"rendered":"<p>PIDO LA PALABRA\u00a0\u00a0 \u00a0\u2022\u00a0\u00a0 \u00a0En \u00faltimos tiempos el concepto de \u201cservidor p\u00fablico\u201d se ha convertido en una sombra de nuestra \u00e9poca\u2028<\/p>\n","protected":false},"author":93,"featured_media":0,"comment_status":"open","ping_status":"open","sticky":false,"template":"","format":"standard","meta":{"footnotes":""},"categories":[51],"tags":[],"class_list":["post-93274","post","type-post","status-publish","format-standard","hentry","category-miguel-rosales"],"_links":{"self":[{"href":"https:\/\/plazajuarez.mx\/historico\/wp-json\/wp\/v2\/posts\/93274","targetHints":{"allow":["GET"]}}],"collection":[{"href":"https:\/\/plazajuarez.mx\/historico\/wp-json\/wp\/v2\/posts"}],"about":[{"href":"https:\/\/plazajuarez.mx\/historico\/wp-json\/wp\/v2\/types\/post"}],"author":[{"embeddable":true,"href":"https:\/\/plazajuarez.mx\/historico\/wp-json\/wp\/v2\/users\/93"}],"replies":[{"embeddable":true,"href":"https:\/\/plazajuarez.mx\/historico\/wp-json\/wp\/v2\/comments?post=93274"}],"version-history":[{"count":0,"href":"https:\/\/plazajuarez.mx\/historico\/wp-json\/wp\/v2\/posts\/93274\/revisions"}],"wp:attachment":[{"href":"https:\/\/plazajuarez.mx\/historico\/wp-json\/wp\/v2\/media?parent=93274"}],"wp:term":[{"taxonomy":"category","embeddable":true,"href":"https:\/\/plazajuarez.mx\/historico\/wp-json\/wp\/v2\/categories?post=93274"},{"taxonomy":"post_tag","embeddable":true,"href":"https:\/\/plazajuarez.mx\/historico\/wp-json\/wp\/v2\/tags?post=93274"}],"curies":[{"name":"wp","href":"https:\/\/api.w.org\/{rel}","templated":true}]}}