{"id":932,"date":"2015-02-16T06:00:00","date_gmt":"2015-02-16T06:00:00","guid":{"rendered":"http:\/\/plazajuarez.mx\/index\/index.php\/2015\/02\/16\/muere-un-menor-ahogado-en-tecuaco\/"},"modified":"2015-02-16T06:00:00","modified_gmt":"2015-02-16T06:00:00","slug":"muere-un-menor-ahogado-en-tecuaco","status":"publish","type":"post","link":"https:\/\/plazajuarez.mx\/historico\/muere-un-menor-ahogado-en-tecuaco\/","title":{"rendered":"Muere un menor ahogado en Tecuaco"},"content":{"rendered":"<p>PASEO FAMILIAR EN SINGUILUCAN TERMIN\u00d3 EN TRAGEDIA\u00a0 <\/p>\n<p><strong>* Se dijo que acudieron al lugar para festejar el D\u00eda del Amor y la Amistad<\/strong><\/p>\n<p><strong>* Al realizar un paseo en lancha a la v\u00edctima se le cay\u00f3 el tel\u00e9fono en la laguna<\/strong><\/p>\n<p><strong>* El afectado se lanz\u00f3 al agua para recuperar el aparato pero muri\u00f3 en el intento<\/strong><\/p>\n<p>  <!--more-->  <\/p>\n<p>\u00a0<\/p>\n<p>La tarde del s\u00e1bado anterior se suscit\u00f3 una tragedia que seg\u00f3 una vida humana, pues en la Laguna de Tecuaco, perteneciente al municipio de Singuilucan, un menor de edad muri\u00f3 ahogado, al aventarse de una lancha al agua para tratar de recuperar su tel\u00e9fono celular que se le cay\u00f3, pero desafortunadamente el infortunado ya no pudo salir a la superficie.<\/p>\n<p>El hecho gener\u00f3 la pronta movilizaci\u00f3n de personal de diversas corporaciones policiales, de socorristas y rescatistas, pero durante las primeras horas de b\u00fasqueda el cuerpo no fue localizado y fue hasta la ma\u00f1ana de ayer cuando se realiz\u00f3 el rescate del cad\u00e1ver.<\/p>\n<p>Por el deceso del menor de edad fue necesaria la intervenci\u00f3n del agente del Ministerio P\u00fablico, quien acudi\u00f3 a dar fe de lo acontecido y luego de las diligencias ministeriales, se dio inicio a la averiguaci\u00f3n previa n\u00famero 18\/313\/2015, donde se detallaron los pormenores del incidente.<\/p>\n<p>Al termino de las labores el representante social orden\u00f3 el levantamiento y traslado del cad\u00e1ver al Servicio M\u00e9dico Forense, para la practica de la necropsia de ley, cuyos resultados revelaron que la causa de muerte fue por asfixia por sumersi\u00f3n.<\/p>\n<p>En el lugar los familiares de la v\u00edctima se encargaron de realizar la identificaci\u00f3n del infortunado, de quien refirieron que en vida respond\u00eda al nombre de Gabino Paz Vargas, quien hasta antes de su muerte contaba con 15 a\u00f1os de edad.<\/p>\n<p>Importante es destacar que los agentes polic\u00edacos entrevistaron a familiares del ahora occiso, quienes coincidieron en se\u00f1alar que acudieron a la Laguna de Tecuaco para festejar el 14 de febrero, pero cuando realizaron un paseo en lancha a Gabino de manera accidental se le cay\u00f3 el tel\u00e9fono celular al agua y \u00e9l en un intento desesperado por recuperar el celular se tiro a la laguna y se hundi\u00f3 sin que nadie pudiera hacer algo por evitarlo.<\/p>\n","protected":false},"excerpt":{"rendered":"<p>PASEO FAMILIAR EN SINGUILUCAN TERMIN\u00d3 EN TRAGEDIA\u00a0 * Se dijo que acudieron al lugar para festejar el D\u00eda del Amor y la Amistad * Al realizar un paseo en lancha a la v\u00edctima se le cay\u00f3 el tel\u00e9fono en la laguna * El afectado se lanz\u00f3 al agua para recuperar el aparato pero muri\u00f3 en [&hellip;]<\/p>\n","protected":false},"author":93,"featured_media":0,"comment_status":"open","ping_status":"open","sticky":false,"template":"","format":"standard","meta":{"footnotes":""},"categories":[37],"tags":[],"class_list":["post-932","post","type-post","status-publish","format-standard","hentry","category-barandilla"],"_links":{"self":[{"href":"https:\/\/plazajuarez.mx\/historico\/wp-json\/wp\/v2\/posts\/932","targetHints":{"allow":["GET"]}}],"collection":[{"href":"https:\/\/plazajuarez.mx\/historico\/wp-json\/wp\/v2\/posts"}],"about":[{"href":"https:\/\/plazajuarez.mx\/historico\/wp-json\/wp\/v2\/types\/post"}],"author":[{"embeddable":true,"href":"https:\/\/plazajuarez.mx\/historico\/wp-json\/wp\/v2\/users\/93"}],"replies":[{"embeddable":true,"href":"https:\/\/plazajuarez.mx\/historico\/wp-json\/wp\/v2\/comments?post=932"}],"version-history":[{"count":0,"href":"https:\/\/plazajuarez.mx\/historico\/wp-json\/wp\/v2\/posts\/932\/revisions"}],"wp:attachment":[{"href":"https:\/\/plazajuarez.mx\/historico\/wp-json\/wp\/v2\/media?parent=932"}],"wp:term":[{"taxonomy":"category","embeddable":true,"href":"https:\/\/plazajuarez.mx\/historico\/wp-json\/wp\/v2\/categories?post=932"},{"taxonomy":"post_tag","embeddable":true,"href":"https:\/\/plazajuarez.mx\/historico\/wp-json\/wp\/v2\/tags?post=932"}],"curies":[{"name":"wp","href":"https:\/\/api.w.org\/{rel}","templated":true}]}}