{"id":93165,"date":"2019-10-25T13:52:08","date_gmt":"2019-10-25T13:52:08","guid":{"rendered":"http:\/\/plazajuarez.mx\/index\/index.php\/2019\/10\/25\/rebeca-garcia-ramirez-se-encuentra-desaparecida-sus-familiares-ya-la-buscan\/"},"modified":"2019-10-25T13:52:08","modified_gmt":"2019-10-25T13:52:08","slug":"rebeca-garcia-ramirez-se-encuentra-desaparecida-sus-familiares-ya-la-buscan","status":"publish","type":"post","link":"https:\/\/plazajuarez.mx\/historico\/rebeca-garcia-ramirez-se-encuentra-desaparecida-sus-familiares-ya-la-buscan\/","title":{"rendered":"Rebeca Garc\u00eda Ram\u00edrez se encuentra desaparecida, sus familiares ya la buscan"},"content":{"rendered":"<p>EN PACHUCA <br \/>Se pregunt\u00f3 a parientes y amigos, nadie supo dar raz\u00f3n de donde pueda encontrarse<\/p>\n<p>  <!--more-->  <\/p>\n<p>Durante las \u00faltimas horas se report\u00f3 la desaparici\u00f3n de la joven Rebeca Garc\u00eda Ram\u00edrez, de 22 a\u00f1os de edad, por lo que sus afligidos familiares ya solicitaron el apoyo de las autoridades y de la ciudadan\u00eda en general, para tratar de dar con su localizaci\u00f3n, ya que se teme que algo pueda ocurrirle.<br \/>Al realizar la denuncia en la Procuradur\u00eda General de Justicia del estado de Hidalgo, sus familiares destacaron que Rebeca Garc\u00eda Ram\u00edrez sali\u00f3 de su domicilio ubicado en esta ciudad de Pachuca la ma\u00f1ana del 22 del mes y a\u00f1o en curso, para dirigirse a su escuela, sin embargo es el momento que no regresa y se desconoce su paradero.<br \/>Pese a que se pregunt\u00f3 con parientes y amigos, nadie supo dar raz\u00f3n de donde pueda encontrarse.<br \/>Rebeca es de cabello corto, rizado, color rojizo, de ojos color caf\u00e9 oscuro, mide 1.67 metros, es de complexi\u00f3n robusta y pesa 59 kilos.<\/p>\n","protected":false},"excerpt":{"rendered":"<p>EN PACHUCA Se pregunt\u00f3 a parientes y amigos, nadie supo dar raz\u00f3n de donde pueda encontrarse<\/p>\n","protected":false},"author":93,"featured_media":0,"comment_status":"open","ping_status":"open","sticky":false,"template":"","format":"standard","meta":{"footnotes":""},"categories":[37],"tags":[],"class_list":["post-93165","post","type-post","status-publish","format-standard","hentry","category-barandilla"],"_links":{"self":[{"href":"https:\/\/plazajuarez.mx\/historico\/wp-json\/wp\/v2\/posts\/93165","targetHints":{"allow":["GET"]}}],"collection":[{"href":"https:\/\/plazajuarez.mx\/historico\/wp-json\/wp\/v2\/posts"}],"about":[{"href":"https:\/\/plazajuarez.mx\/historico\/wp-json\/wp\/v2\/types\/post"}],"author":[{"embeddable":true,"href":"https:\/\/plazajuarez.mx\/historico\/wp-json\/wp\/v2\/users\/93"}],"replies":[{"embeddable":true,"href":"https:\/\/plazajuarez.mx\/historico\/wp-json\/wp\/v2\/comments?post=93165"}],"version-history":[{"count":0,"href":"https:\/\/plazajuarez.mx\/historico\/wp-json\/wp\/v2\/posts\/93165\/revisions"}],"wp:attachment":[{"href":"https:\/\/plazajuarez.mx\/historico\/wp-json\/wp\/v2\/media?parent=93165"}],"wp:term":[{"taxonomy":"category","embeddable":true,"href":"https:\/\/plazajuarez.mx\/historico\/wp-json\/wp\/v2\/categories?post=93165"},{"taxonomy":"post_tag","embeddable":true,"href":"https:\/\/plazajuarez.mx\/historico\/wp-json\/wp\/v2\/tags?post=93165"}],"curies":[{"name":"wp","href":"https:\/\/api.w.org\/{rel}","templated":true}]}}