{"id":93098,"date":"2019-10-24T13:53:31","date_gmt":"2019-10-24T13:53:31","guid":{"rendered":"http:\/\/plazajuarez.mx\/index\/index.php\/2019\/10\/24\/piden-intervencion-de-la-scjn\/"},"modified":"2019-10-24T13:53:31","modified_gmt":"2019-10-24T13:53:31","slug":"piden-intervencion-de-la-scjn","status":"publish","type":"post","link":"https:\/\/plazajuarez.mx\/historico\/piden-intervencion-de-la-scjn\/","title":{"rendered":"Piden intervenci\u00f3n de la SCJN"},"content":{"rendered":"<p>Problema de explotaci\u00f3n de agua<\/p>\n<p>\u00a0\u00a0 \u00a0\u2022\u00a0\u00a0 \u00a0\u201cDefensores del Agua 1320\u201d, de Apan solicitan que la Suprema Corte, ejercite de oficio \u201cFacultad de Atracci\u00f3n\u201d\u2028<br \/>Aseguran que se otorgaron, indebidamente para su operaci\u00f3n, diversos pozos de agua, a Cervecer\u00eda Modelo del Centro<\/p>\n<p>  <!--more-->  <\/p>\n<p>Defensores del Agua 1320 de Apan solicitan que la Suprema Corte de Justicia de la Naci\u00f3n, ejercite de oficio \u201cLa Facultad de Atracci\u00f3n\u201d, de los recursos de revisi\u00f3n interpuestos en juicios de diversos amparos indirectos.<br \/>En la solicitud ingresada a la SCJN, el abogado Ra\u00fal L\u00f3pez Cort\u00e9s, en entrevista para Diario Plaza Ju\u00e1rez, se\u00f1al\u00f3 que estos juicios de amparo que se promovieron, \u201cson por la forma en que se otorgaron para su operaci\u00f3n diversos pozos de agua, a Cervecer\u00eda Modelo del Centro, ubicada en la comunidad de Acopinalco, del municipio de Apan, la extracci\u00f3n del l\u00edquido se est\u00e1 haciendo de una manera ilegal, ya que existe una veda que data de 1954, el cual ubica al acu\u00edfero 1320, dentro de ella\u201d.<br \/>Mencion\u00f3 la \u201cFacultad de Atracci\u00f3n\u201d, para que la Suprema Corte de Justicia de la Naci\u00f3n solicite, atraiga y resuelva los recursos de revisi\u00f3n interpuestos en los mencionados juicios de amparo.<br \/>En parte de los mencionados juicios promovidos se hace menci\u00f3n de la violaci\u00f3n a la veda contenida en el Diario Oficial de la Federaci\u00f3n, publicado el 19 de Agosto de 1954, para proteger las aguas subterr\u00e1neas de la llamada cuenca del Valle de M\u00e9xico, dentro del cual se encuentra el acu\u00edfero Apan 1320, \u201cdicha veda, s\u00f3lo permite la extracci\u00f3n de agua para uso dom\u00e9stico no para \u201cuso industrial\u201d.<br \/>L\u00f3pez Cort\u00e9s explic\u00f3 que dichos juicios fueron \u201cSubstanciados y Sobrese\u00eddos\u201d, por el Juez Segundo del Distrito, en el estado de Hidalgo, quien adem\u00e1s de no tomar en cuenta la \u201cviolaci\u00f3n al Decreto de Veda, indebidamente se\u00f1al\u00f3, \u201cno se rindi\u00f3 Prueba Pericial alguna en materia de impacto ambiental, para acreditar el da\u00f1o personal, actual y directo\u201d.<br \/>La anomal\u00eda se ha traducido en escasez o falta de agua, y a pesar de que la obligaci\u00f3n de probar dicho da\u00f1o, le corresponde y le ha correspondido a la Secretar\u00eda del Medio Ambiente y Recursos naturales (Semarnat), \u201cno a los quejosos en los juicios de Amparo\u201d.<\/p>\n","protected":false},"excerpt":{"rendered":"<p>Problema de explotaci\u00f3n de agua \u00a0\u00a0 \u00a0\u2022\u00a0\u00a0 \u00a0\u201cDefensores del Agua 1320\u201d, de Apan solicitan que la Suprema Corte, ejercite de oficio \u201cFacultad de Atracci\u00f3n\u201d\u2028Aseguran que se otorgaron, indebidamente para su operaci\u00f3n, diversos pozos de agua, a Cervecer\u00eda Modelo del Centro<\/p>\n","protected":false},"author":93,"featured_media":0,"comment_status":"open","ping_status":"open","sticky":false,"template":"","format":"standard","meta":{"footnotes":""},"categories":[40],"tags":[],"class_list":["post-93098","post","type-post","status-publish","format-standard","hentry","category-region"],"_links":{"self":[{"href":"https:\/\/plazajuarez.mx\/historico\/wp-json\/wp\/v2\/posts\/93098","targetHints":{"allow":["GET"]}}],"collection":[{"href":"https:\/\/plazajuarez.mx\/historico\/wp-json\/wp\/v2\/posts"}],"about":[{"href":"https:\/\/plazajuarez.mx\/historico\/wp-json\/wp\/v2\/types\/post"}],"author":[{"embeddable":true,"href":"https:\/\/plazajuarez.mx\/historico\/wp-json\/wp\/v2\/users\/93"}],"replies":[{"embeddable":true,"href":"https:\/\/plazajuarez.mx\/historico\/wp-json\/wp\/v2\/comments?post=93098"}],"version-history":[{"count":0,"href":"https:\/\/plazajuarez.mx\/historico\/wp-json\/wp\/v2\/posts\/93098\/revisions"}],"wp:attachment":[{"href":"https:\/\/plazajuarez.mx\/historico\/wp-json\/wp\/v2\/media?parent=93098"}],"wp:term":[{"taxonomy":"category","embeddable":true,"href":"https:\/\/plazajuarez.mx\/historico\/wp-json\/wp\/v2\/categories?post=93098"},{"taxonomy":"post_tag","embeddable":true,"href":"https:\/\/plazajuarez.mx\/historico\/wp-json\/wp\/v2\/tags?post=93098"}],"curies":[{"name":"wp","href":"https:\/\/api.w.org\/{rel}","templated":true}]}}