{"id":930,"date":"2015-02-16T06:00:00","date_gmt":"2015-02-16T06:00:00","guid":{"rendered":"http:\/\/plazajuarez.mx\/index\/index.php\/2015\/02\/16\/consignan-a-dos-asaltantes-homicidas\/"},"modified":"2015-02-16T06:00:00","modified_gmt":"2015-02-16T06:00:00","slug":"consignan-a-dos-asaltantes-homicidas","status":"publish","type":"post","link":"https:\/\/plazajuarez.mx\/historico\/consignan-a-dos-asaltantes-homicidas\/","title":{"rendered":"Consignan a dos asaltantes homicidas"},"content":{"rendered":"<p>TRAS EL VIOLENTO ASALTO AL COMERCIANTE DE TEPEJI DEL R\u00cdO <\/p>\n<p>La ma\u00f1ana de ayer la Procuradur\u00eda General de Justicia de Hidalgo (PGJEH), que dirige Alejandro Straffon Ortiz, dio a conocer que se consign\u00f3 ante el Juez Primero Penal de Tula a Emmanuel Alcal\u00e1 P\u00e9rez, de 26 a\u00f1os de edad y Luis \u00c1ngel Hern\u00e1ndez San Juan, de 24, ello por resultar responsables del homicidio de Eliseo Osorio Tom\u00e1s de 34 a\u00f1os.<\/p>\n<p>  <!--more-->  <\/p>\n<p>\u00a0<\/p>\n<p>De acuerdo a la investigaci\u00f3n el hecho se suscit\u00f3 el pasado jueves en la calle Jos\u00e9 Mar\u00eda Morelos, de la colonia San Francisco, del municipio de Tepeji del R\u00edo, donde el hoy occiso era propietario de una tienda de abarrotes.<\/p>\n<p>Fueron vecinos del lugar quienes reportaron al n\u00famero de emergencia 066 que estaban golpeando al due\u00f1o de la tienda por resistirse a un asalto, producto de ello el infortunado falleci\u00f3 ah\u00ed, por lo que al acudir al llamado elementos polic\u00edacos de Tepeji del R\u00edo, lograron la detenci\u00f3n de los hoy consignados, a quienes posteriormente pusieron a disposici\u00f3n del agente del Ministerio P\u00fablico para las diligencias legales que correspond\u00edan.<\/p>\n<p>As\u00ed mismo el representante social realiz\u00f3 las diligencias ministeriales propias a su labor, en tanto que peritos en materia de criminal\u00edstica recabaron los indicios en el lugar del hecho para la obtenci\u00f3n de pruebas periciales, as\u00ed mismo elementos de la Coordinaci\u00f3n de Investigaci\u00f3n llevaron a cabo las pesquisas del homicidio.<\/p>\n<p>Una vez realizada la necropsia de ley, los resultados corroboraron que la causa de muerte fue por conjunto de traumatismos craneoencef\u00e1licos secundarios a laceraciones por objeto punzo-cortante hecho que consta en la averiguaci\u00f3n previa 17\/I\/198\/2015.<\/p>\n<p>Luego del desahogo de las pruebas testimoniales y periciales correspondientes, la PGJEH ejercit\u00f3 acci\u00f3n penal en contra de Emmanuel Alcal\u00e1 P\u00e9rez y Luis \u00c1ngel Hern\u00e1ndez San Juan, por el delito de homicidio doloso calificado, los cuales fueron puestos a disposici\u00f3n de la autoridad judicial competente, quien definir\u00e1 su situaci\u00f3n jur\u00eddica en el t\u00e9rmino constitucional establecido, de acuerdo a la causa penal correspondiente.<\/p>\n","protected":false},"excerpt":{"rendered":"<p>TRAS EL VIOLENTO ASALTO AL COMERCIANTE DE TEPEJI DEL R\u00cdO La ma\u00f1ana de ayer la Procuradur\u00eda General de Justicia de Hidalgo (PGJEH), que dirige Alejandro Straffon Ortiz, dio a conocer que se consign\u00f3 ante el Juez Primero Penal de Tula a Emmanuel Alcal\u00e1 P\u00e9rez, de 26 a\u00f1os de edad y Luis \u00c1ngel Hern\u00e1ndez San Juan, [&hellip;]<\/p>\n","protected":false},"author":93,"featured_media":0,"comment_status":"open","ping_status":"open","sticky":false,"template":"","format":"standard","meta":{"footnotes":""},"categories":[37],"tags":[],"class_list":["post-930","post","type-post","status-publish","format-standard","hentry","category-barandilla"],"_links":{"self":[{"href":"https:\/\/plazajuarez.mx\/historico\/wp-json\/wp\/v2\/posts\/930","targetHints":{"allow":["GET"]}}],"collection":[{"href":"https:\/\/plazajuarez.mx\/historico\/wp-json\/wp\/v2\/posts"}],"about":[{"href":"https:\/\/plazajuarez.mx\/historico\/wp-json\/wp\/v2\/types\/post"}],"author":[{"embeddable":true,"href":"https:\/\/plazajuarez.mx\/historico\/wp-json\/wp\/v2\/users\/93"}],"replies":[{"embeddable":true,"href":"https:\/\/plazajuarez.mx\/historico\/wp-json\/wp\/v2\/comments?post=930"}],"version-history":[{"count":0,"href":"https:\/\/plazajuarez.mx\/historico\/wp-json\/wp\/v2\/posts\/930\/revisions"}],"wp:attachment":[{"href":"https:\/\/plazajuarez.mx\/historico\/wp-json\/wp\/v2\/media?parent=930"}],"wp:term":[{"taxonomy":"category","embeddable":true,"href":"https:\/\/plazajuarez.mx\/historico\/wp-json\/wp\/v2\/categories?post=930"},{"taxonomy":"post_tag","embeddable":true,"href":"https:\/\/plazajuarez.mx\/historico\/wp-json\/wp\/v2\/tags?post=930"}],"curies":[{"name":"wp","href":"https:\/\/api.w.org\/{rel}","templated":true}]}}