{"id":92812,"date":"2019-10-19T15:21:32","date_gmt":"2019-10-19T15:21:32","guid":{"rendered":"http:\/\/plazajuarez.mx\/index\/index.php\/2019\/10\/19\/denuncian-constantes-robos-de-baterias-de-carros\/"},"modified":"2019-10-19T15:21:32","modified_gmt":"2019-10-19T15:21:32","slug":"denuncian-constantes-robos-de-baterias-de-carros","status":"publish","type":"post","link":"https:\/\/plazajuarez.mx\/historico\/denuncian-constantes-robos-de-baterias-de-carros\/","title":{"rendered":"Denuncian constantes robos de bater\u00edas de carros"},"content":{"rendered":"<p>En c\u00e9ntrica calle; los afectados acusan que se debe a la falta de espacios para estacionarse<\/p>\n<p>Todo ello, a ra\u00edz de la implementaci\u00f3n del nuevo Plan de Movilidad.<\/p>\n<p>  <!--more-->  <\/p>\n<p>A trav\u00e9s de un perfil de Facebook, una usuaria denunci\u00f3 que en la calle Mart\u00ednez Doble, en el centro de Cuautepec, hab\u00eda sido v\u00edctima de robo del acumulador de su carro que hab\u00eda dejado estacionado; acusando la falta de espacios para estacionamiento en el primer cuadro de la cabecera municipal.<\/p>\n<p>La afectada narr\u00f3 que tuvo que dejar su veh\u00edculo en esa solitaria zona, ya que con los cambios de sentido en el centro de la ciudad, no les es permitido estacionarse en algunos lugares y donde s\u00ed se puede, s\u00f3lo es por un lapso de 30 minutos.<\/p>\n<p>Durante la grabaci\u00f3n, otro propietario de un carro que tambi\u00e9n estaba estacionado en ese tramo de la calle, se percat\u00f3 que tambi\u00e9n fue v\u00edctima de robo de la bater\u00eda de su auto; al igual que otro que se encontraba estacionado metros adelante, casi esquina con la calle Corregidora.<\/p>\n<p>De igual forma, en d\u00edas anteriores, otras personas afectadas por esta situaci\u00f3n denunciaron en redes sociales lo anterior y solicitaron a las autoridades mayor presencia policiaca.<\/p>\n<p>Luego de la consulta ciudadana realizada el pasado domingo para la aceptaci\u00f3n o rechazo de la implementaci\u00f3n del nuevo Plan de Movilidad, en la cual los cuautepequenses que votaron dieron el s\u00ed a este cambio, las autoridades locales informaron que desde el, jueves, iniciar\u00e1n con las sanciones de tr\u00e1nsito para quienes no acaten dichos cambios.<\/p>\n","protected":false},"excerpt":{"rendered":"<p>En c\u00e9ntrica calle; los afectados acusan que se debe a la falta de espacios para estacionarse Todo ello, a ra\u00edz de la implementaci\u00f3n del nuevo Plan de Movilidad.<\/p>\n","protected":false},"author":3,"featured_media":0,"comment_status":"open","ping_status":"open","sticky":false,"template":"","format":"standard","meta":{"footnotes":""},"categories":[40],"tags":[],"class_list":["post-92812","post","type-post","status-publish","format-standard","hentry","category-region"],"_links":{"self":[{"href":"https:\/\/plazajuarez.mx\/historico\/wp-json\/wp\/v2\/posts\/92812","targetHints":{"allow":["GET"]}}],"collection":[{"href":"https:\/\/plazajuarez.mx\/historico\/wp-json\/wp\/v2\/posts"}],"about":[{"href":"https:\/\/plazajuarez.mx\/historico\/wp-json\/wp\/v2\/types\/post"}],"author":[{"embeddable":true,"href":"https:\/\/plazajuarez.mx\/historico\/wp-json\/wp\/v2\/users\/3"}],"replies":[{"embeddable":true,"href":"https:\/\/plazajuarez.mx\/historico\/wp-json\/wp\/v2\/comments?post=92812"}],"version-history":[{"count":0,"href":"https:\/\/plazajuarez.mx\/historico\/wp-json\/wp\/v2\/posts\/92812\/revisions"}],"wp:attachment":[{"href":"https:\/\/plazajuarez.mx\/historico\/wp-json\/wp\/v2\/media?parent=92812"}],"wp:term":[{"taxonomy":"category","embeddable":true,"href":"https:\/\/plazajuarez.mx\/historico\/wp-json\/wp\/v2\/categories?post=92812"},{"taxonomy":"post_tag","embeddable":true,"href":"https:\/\/plazajuarez.mx\/historico\/wp-json\/wp\/v2\/tags?post=92812"}],"curies":[{"name":"wp","href":"https:\/\/api.w.org\/{rel}","templated":true}]}}