{"id":92810,"date":"2019-10-19T15:16:13","date_gmt":"2019-10-19T15:16:13","guid":{"rendered":"http:\/\/plazajuarez.mx\/index\/index.php\/2019\/10\/19\/las-camara-del-c5-no-funcionan\/"},"modified":"2019-10-19T15:16:13","modified_gmt":"2019-10-19T15:16:13","slug":"las-camara-del-c5-no-funcionan","status":"publish","type":"post","link":"https:\/\/plazajuarez.mx\/historico\/las-camara-del-c5-no-funcionan\/","title":{"rendered":"\u201cLas c\u00e1mara del C5 no funcionan\u201d  \u00a0"},"content":{"rendered":"<p>\u00a0<\/p>\n<p>Es un tema que ya se le plante\u00f3 al gobierno del estado para que se subsanen las anomal\u00edas<\/p>\n<p>  <!--more-->  <\/p>\n<p>La Presidencia Municipal responsabiliza al gobierno de Hidalgo, que la falta de coordinaci\u00f3n y la inoperatividad de las c\u00e1maras<\/p>\n<p>La Presidencia Municipal, a trav\u00e9s de su direcci\u00f3n de comunicaci\u00f3n social, inform\u00f3 que las c\u00e1maras del C5 no est\u00e1n funcionando. Asegura que es un tema que ya se le plante\u00f3 al gobierno del estado para que se subsanen las anomal\u00edas.<\/p>\n<p>De acuerdo al \u00e1rea de prensa de la alcald\u00eda, existe interferencia en las antenas y eso ha provocado que las c\u00e1maras no est\u00e9n funcionando y no puedan conectarse con el C5 como ocurre con las de los otros municipios.<\/p>\n<p>En ese sentido, inform\u00f3 la alcald\u00eda, el gobierno estatal sabe que no son funcionales, sin embargo a pesar de la crisis de inseguridad que se padece en este lugar, hasta ahora no se han puesto en marcha en otros puntos de la entidad.<\/p>\n<p>Cabe se\u00f1alar, que la Presidencia Municipal ha responsabilizado al gobierno de Hidalgo, que la falta de coordinaci\u00f3n y la inoperatividad de las c\u00e1maras de seguridad, han propiciado que los operativos no sean exitosos.<\/p>\n<p>La alcald\u00eda ha denunciado, que los arcos carreteros tampoco est\u00e1n funcionando<\/p>\n","protected":false},"excerpt":{"rendered":"<p>\u00a0 Es un tema que ya se le plante\u00f3 al gobierno del estado para que se subsanen las anomal\u00edas<\/p>\n","protected":false},"author":3,"featured_media":0,"comment_status":"open","ping_status":"open","sticky":false,"template":"","format":"standard","meta":{"footnotes":""},"categories":[40],"tags":[],"class_list":["post-92810","post","type-post","status-publish","format-standard","hentry","category-region"],"_links":{"self":[{"href":"https:\/\/plazajuarez.mx\/historico\/wp-json\/wp\/v2\/posts\/92810","targetHints":{"allow":["GET"]}}],"collection":[{"href":"https:\/\/plazajuarez.mx\/historico\/wp-json\/wp\/v2\/posts"}],"about":[{"href":"https:\/\/plazajuarez.mx\/historico\/wp-json\/wp\/v2\/types\/post"}],"author":[{"embeddable":true,"href":"https:\/\/plazajuarez.mx\/historico\/wp-json\/wp\/v2\/users\/3"}],"replies":[{"embeddable":true,"href":"https:\/\/plazajuarez.mx\/historico\/wp-json\/wp\/v2\/comments?post=92810"}],"version-history":[{"count":0,"href":"https:\/\/plazajuarez.mx\/historico\/wp-json\/wp\/v2\/posts\/92810\/revisions"}],"wp:attachment":[{"href":"https:\/\/plazajuarez.mx\/historico\/wp-json\/wp\/v2\/media?parent=92810"}],"wp:term":[{"taxonomy":"category","embeddable":true,"href":"https:\/\/plazajuarez.mx\/historico\/wp-json\/wp\/v2\/categories?post=92810"},{"taxonomy":"post_tag","embeddable":true,"href":"https:\/\/plazajuarez.mx\/historico\/wp-json\/wp\/v2\/tags?post=92810"}],"curies":[{"name":"wp","href":"https:\/\/api.w.org\/{rel}","templated":true}]}}