{"id":92361,"date":"2019-10-11T14:35:17","date_gmt":"2019-10-11T14:35:17","guid":{"rendered":"http:\/\/plazajuarez.mx\/index\/index.php\/2019\/10\/11\/alemania-ataque-a-sinagoga-de-la-ultraderecha\/"},"modified":"2019-10-11T14:35:17","modified_gmt":"2019-10-11T14:35:17","slug":"alemania-ataque-a-sinagoga-de-la-ultraderecha","status":"publish","type":"post","link":"https:\/\/plazajuarez.mx\/historico\/alemania-ataque-a-sinagoga-de-la-ultraderecha\/","title":{"rendered":"Alemania, \u201cataque a sinagoga, de la ultraderecha\u201d"},"content":{"rendered":"<p>El atentado en Alemania ultraderechista despierta en Israel el fantasma del nazismo<\/p>\n<p>  <!--more-->  <\/p>\n<p>&#8220;El nazismo no est\u00e1 muerto hoy en d\u00eda. Tiene descendientes, y estos se llaman neonazis. El odio a los jud\u00edos sigue existiendo&#8221;<\/p>\n<p>EFE.- La ministra alemana de Justicia, Christine Lambrecht, confirm\u00f3 ayer que el ataque perpetrado el martes en las inmediaciones de la sinagoga de Halle, con dos muertos y dos heridos graves, fue un atentado de trasfondo ultraderechista.<\/p>\n<p>&#8220;Stephan B. trat\u00f3 de cometer una masacre movido por racismo y antisemitismo&#8221;, destac\u00f3 por su parte el fiscal general, Peter Frank.<\/p>\n<p>HAMAS AFIRMA QUE \u201cTERRORISMO NO TIENE RELIGI\u00d3N\u201d<\/p>\n<p>En Jerusal\u00e9n, el movimiento islamista Ham\u00e1s, que gobierna de facto en la Franja de Gaza, conden\u00f3 el ataque de la v\u00edspera contra una sinagoga en Alemania, que dej\u00f3 dos muertos, y asegur\u00f3 que &#8220;el terrorismo no tiene religi\u00f3n&#8221; ni &#8220;est\u00e1 limitado a una sola naci\u00f3n&#8221;.<\/p>\n<p>El grupo palestino, que cometi\u00f3 decenas de atentados suicidas durante la Segunda Intifada y es considerado terrorista por Israel, EU y la Uni\u00f3n Europea, calific\u00f3 el ataque por parte de un ultraderechista en la ciudad alemana de Halle de &#8220;vergonzoso&#8221;, y aleg\u00f3 que &#8220;demuestra que &#8220;el terrorismo representa un peligro para todas las personas&#8221;.<\/p>\n<p>ATENTADO, DESPIERTA EN ISRAEL EL FANTASMA DEL NAZISMO<\/p>\n<p>El ataque ultraderechista y antisemita en Alemania ha despertado el fantasma del nazismo en Israel, que alerta contra el aumento del antisemitismo en Europa y espec\u00edficamente la cuna de la ideolog\u00eda que trat\u00f3 de aniquilar al pueblo jud\u00edo.<\/p>\n<p>&#8220;El nazismo no est\u00e1 muerto. Tiene descendientes y se llaman neonazis. El odio a los jud\u00edos sigue existiendo&#8221;, lamenta a Efe Judy Baumel Schwartz, profesora del Departamento de Historia Jud\u00eda de la Universidad israel\u00ed de Bar Ilan.<\/p>\n","protected":false},"excerpt":{"rendered":"<p>El atentado en Alemania ultraderechista despierta en Israel el fantasma del nazismo<\/p>\n","protected":false},"author":3,"featured_media":0,"comment_status":"open","ping_status":"open","sticky":false,"template":"","format":"standard","meta":{"footnotes":""},"categories":[31],"tags":[],"class_list":["post-92361","post","type-post","status-publish","format-standard","hentry","category-orbe"],"_links":{"self":[{"href":"https:\/\/plazajuarez.mx\/historico\/wp-json\/wp\/v2\/posts\/92361","targetHints":{"allow":["GET"]}}],"collection":[{"href":"https:\/\/plazajuarez.mx\/historico\/wp-json\/wp\/v2\/posts"}],"about":[{"href":"https:\/\/plazajuarez.mx\/historico\/wp-json\/wp\/v2\/types\/post"}],"author":[{"embeddable":true,"href":"https:\/\/plazajuarez.mx\/historico\/wp-json\/wp\/v2\/users\/3"}],"replies":[{"embeddable":true,"href":"https:\/\/plazajuarez.mx\/historico\/wp-json\/wp\/v2\/comments?post=92361"}],"version-history":[{"count":0,"href":"https:\/\/plazajuarez.mx\/historico\/wp-json\/wp\/v2\/posts\/92361\/revisions"}],"wp:attachment":[{"href":"https:\/\/plazajuarez.mx\/historico\/wp-json\/wp\/v2\/media?parent=92361"}],"wp:term":[{"taxonomy":"category","embeddable":true,"href":"https:\/\/plazajuarez.mx\/historico\/wp-json\/wp\/v2\/categories?post=92361"},{"taxonomy":"post_tag","embeddable":true,"href":"https:\/\/plazajuarez.mx\/historico\/wp-json\/wp\/v2\/tags?post=92361"}],"curies":[{"name":"wp","href":"https:\/\/api.w.org\/{rel}","templated":true}]}}