{"id":92358,"date":"2019-10-11T14:34:16","date_gmt":"2019-10-11T14:34:16","guid":{"rendered":"http:\/\/plazajuarez.mx\/index\/index.php\/2019\/10\/11\/indigenas-retienen-a-policias-en-la-casa-de-la-cultura-en-quito\/"},"modified":"2019-10-11T14:34:16","modified_gmt":"2019-10-11T14:34:16","slug":"indigenas-retienen-a-policias-en-la-casa-de-la-cultura-en-quito","status":"publish","type":"post","link":"https:\/\/plazajuarez.mx\/historico\/indigenas-retienen-a-policias-en-la-casa-de-la-cultura-en-quito\/","title":{"rendered":"Ind\u00edgenas retienen a polic\u00edas en la Casa de la Cultura en Quito"},"content":{"rendered":"<p>\u201cAplicaremos sobre ellos la justicia ancestral si las fuerzas del orden atacan esa sede\u201d<\/p>\n<p>El mi\u00e9rcoles muri\u00f3 un manifestante en las protestas generalizadas en Ecuador<\/p>\n<p>  <!--more-->  <\/p>\n<p>EFE.- Manifestantes ind\u00edgenas en Quito retuvieron ayer a al menos seis polic\u00edas y advierten que aplicar\u00e1n sobre ellos la justicia ancestral si las fuerzas del orden atacan esa sede, en medio de la crisis por las masivas protestas contra el Gobierno.<\/p>\n<p>&#8220;Afuera nos dicen que el Gobierno empieza a mandar ya las bombas lacrim\u00f3genas, entonces ahora nuestros l\u00edderes ind\u00edgenas no les van a soltar a los polic\u00edas porque necesitamos un respeto. Si ellos nos agreden, nosotros vamos a aplicar la justicia ind\u00edgena&#8221;, dijo Fabi\u00e1n Masabanda, ind\u00edgena de la provincia de Imbabura.<\/p>\n<p>Masabanda advirti\u00f3 que si las fuerzas del orden atacan la zona donde se encuentran, la Casa de la Cultura Ecuatoriana (CCE), &#8220;no nos responsabilizamos de la vida de los polic\u00edas&#8221;.<\/p>\n<p>La retenci\u00f3n de los agentes se da en momentos en que la Confederaci\u00f3n de Nacionalidades Ind\u00edgenas de Ecuador (Conaie) se ha declarado &#8220;de luto&#8221; por la muerte el mi\u00e9rcoles de un manifestante en las protestas, seg\u00fan confirm\u00f3 la Defensor\u00eda del Pueblo. De acuerdo a Masabanda, retuvieron a los cuatro polic\u00edas &#8220;porque empezaron a agredir&#8221;.<\/p>\n","protected":false},"excerpt":{"rendered":"<p>\u201cAplicaremos sobre ellos la justicia ancestral si las fuerzas del orden atacan esa sede\u201d El mi\u00e9rcoles muri\u00f3 un manifestante en las protestas generalizadas en Ecuador<\/p>\n","protected":false},"author":3,"featured_media":0,"comment_status":"open","ping_status":"open","sticky":false,"template":"","format":"standard","meta":{"footnotes":""},"categories":[31],"tags":[],"class_list":["post-92358","post","type-post","status-publish","format-standard","hentry","category-orbe"],"_links":{"self":[{"href":"https:\/\/plazajuarez.mx\/historico\/wp-json\/wp\/v2\/posts\/92358","targetHints":{"allow":["GET"]}}],"collection":[{"href":"https:\/\/plazajuarez.mx\/historico\/wp-json\/wp\/v2\/posts"}],"about":[{"href":"https:\/\/plazajuarez.mx\/historico\/wp-json\/wp\/v2\/types\/post"}],"author":[{"embeddable":true,"href":"https:\/\/plazajuarez.mx\/historico\/wp-json\/wp\/v2\/users\/3"}],"replies":[{"embeddable":true,"href":"https:\/\/plazajuarez.mx\/historico\/wp-json\/wp\/v2\/comments?post=92358"}],"version-history":[{"count":0,"href":"https:\/\/plazajuarez.mx\/historico\/wp-json\/wp\/v2\/posts\/92358\/revisions"}],"wp:attachment":[{"href":"https:\/\/plazajuarez.mx\/historico\/wp-json\/wp\/v2\/media?parent=92358"}],"wp:term":[{"taxonomy":"category","embeddable":true,"href":"https:\/\/plazajuarez.mx\/historico\/wp-json\/wp\/v2\/categories?post=92358"},{"taxonomy":"post_tag","embeddable":true,"href":"https:\/\/plazajuarez.mx\/historico\/wp-json\/wp\/v2\/tags?post=92358"}],"curies":[{"name":"wp","href":"https:\/\/api.w.org\/{rel}","templated":true}]}}