{"id":92357,"date":"2019-10-11T14:21:04","date_gmt":"2019-10-11T14:21:04","guid":{"rendered":"http:\/\/plazajuarez.mx\/index\/index.php\/2019\/10\/11\/al-menos-9-civiles-muertos-ayer-por-ataques-turcos\/"},"modified":"2019-10-11T14:21:04","modified_gmt":"2019-10-11T14:21:04","slug":"al-menos-9-civiles-muertos-ayer-por-ataques-turcos","status":"publish","type":"post","link":"https:\/\/plazajuarez.mx\/historico\/al-menos-9-civiles-muertos-ayer-por-ataques-turcos\/","title":{"rendered":"Al menos 9 civiles muertos ayer por ataques turcos"},"content":{"rendered":"<p>Se supone enfrentamiento entre militares, sin embargo, como siempre ocurre, muchos civiles son afectados<\/p>\n<p>Netanyahu advierte limpieza \u00e9tnica de kurdos en los ataques turcos en el noroeste de Siria<\/p>\n<p>  <!--more-->  <\/p>\n<p>EFE.- &#8220;La aviaci\u00f3n y la artiller\u00eda turcas contin\u00faan bombardeando Ras al Ain. Hoy, hasta el momento, 9 civiles han muerto&#8221;, indic\u00f3 el Centro de Coordinaci\u00f3n y Operaciones Militares de las Fuerzas de Siria Democr\u00e1tica (FSD), una alianza liderada por kurdos.<\/p>\n<p>Un portavoz de las FSD, Kino Gabriel, dijo que la ma\u00f1ana de ayer se reanudaron los combates y, de acuerdo al Observatorio Sirio de Derechos Humanos, las fuerzas turcas han avanzado entre las zonas de Tal Abyad y Ras al Ain, controlando varias aldeas y pueblos.<\/p>\n<p>Tal Abiad y Ras al Ain est\u00e1n ubicadas en la franja fronteriza dentro de la denominada &#8220;zona segura&#8221; de 30 kil\u00f3metros que Turqu\u00eda pretende conquistar para reasentar a dos millones de refugiados sirios que acoge en su pa\u00eds y que huyeron de la guerra en Siria, que comenz\u00f3 en 2011<\/p>\n<p>PARLAMENTO HOLAND\u00c9S EXIGE SANCIONES A TURQU\u00cdA<\/p>\n<p>Una amplia mayor\u00eda del Parlamento holand\u00e9s exigi\u00f3 ayer sanciones financieras contra Turqu\u00eda por su operaci\u00f3n militar contra fuerzas kurdas en Siria y pidieron reuni\u00f3n urgente de la OTAN.<\/p>\n<p>NETANYAHU ADVIERTE: \u201cLIMPIEZA \u00c9TICA DE KURDOS EN SIRIA<\/p>\n<p>El primer ministro en funciones israel\u00ed, Benjam\u00edn Netanyahu, conden\u00f3 hoy sin ambages la actuaci\u00f3n de las fuerzas turcas en Siria, advirti\u00f3 sobre una posible &#8220;limpieza \u00e9tnica&#8221; y ofreci\u00f3 apoyo humanitario al pueblo kurdo.<\/p>\n<p>&#8220;Israel condena firmemente la invasi\u00f3n turca de las \u00e1reas kurdas en Siria y advierte contra la limpieza \u00e9tnica de los kurdos por parte de Turqu\u00eda y sus aliados&#8221;, declar\u00f3 en un comunicado.<\/p>\n<p>Israel &#8220;est\u00e1 preparado para prestar asistencia humanitaria al valiente pueblo kurdo&#8221;, a\u00f1ade, sin matizar qu\u00e9 tipo de ayuda ofrece.<\/p>\n<p>Hasta ahora, el jefe del Gobierno israel\u00ed no se hab\u00eda pronunciado sobre las acciones de Turqu\u00eda en Siria, propiciadas por el anuncio del presidente de EU, Donald Trump -aliado de Israel-, de que sus tropas abandonar\u00edan la zona donde colaboraron en los \u00faltimos a\u00f1os con las milicias kurdas en la lucha contra el Estado Isl\u00e1mico.<\/p>\n","protected":false},"excerpt":{"rendered":"<p>Se supone enfrentamiento entre militares, sin embargo, como siempre ocurre, muchos civiles son afectados Netanyahu advierte limpieza \u00e9tnica de kurdos en los ataques turcos en el noroeste de Siria<\/p>\n","protected":false},"author":3,"featured_media":0,"comment_status":"open","ping_status":"open","sticky":false,"template":"","format":"standard","meta":{"footnotes":""},"categories":[31],"tags":[],"class_list":["post-92357","post","type-post","status-publish","format-standard","hentry","category-orbe"],"_links":{"self":[{"href":"https:\/\/plazajuarez.mx\/historico\/wp-json\/wp\/v2\/posts\/92357","targetHints":{"allow":["GET"]}}],"collection":[{"href":"https:\/\/plazajuarez.mx\/historico\/wp-json\/wp\/v2\/posts"}],"about":[{"href":"https:\/\/plazajuarez.mx\/historico\/wp-json\/wp\/v2\/types\/post"}],"author":[{"embeddable":true,"href":"https:\/\/plazajuarez.mx\/historico\/wp-json\/wp\/v2\/users\/3"}],"replies":[{"embeddable":true,"href":"https:\/\/plazajuarez.mx\/historico\/wp-json\/wp\/v2\/comments?post=92357"}],"version-history":[{"count":0,"href":"https:\/\/plazajuarez.mx\/historico\/wp-json\/wp\/v2\/posts\/92357\/revisions"}],"wp:attachment":[{"href":"https:\/\/plazajuarez.mx\/historico\/wp-json\/wp\/v2\/media?parent=92357"}],"wp:term":[{"taxonomy":"category","embeddable":true,"href":"https:\/\/plazajuarez.mx\/historico\/wp-json\/wp\/v2\/categories?post=92357"},{"taxonomy":"post_tag","embeddable":true,"href":"https:\/\/plazajuarez.mx\/historico\/wp-json\/wp\/v2\/tags?post=92357"}],"curies":[{"name":"wp","href":"https:\/\/api.w.org\/{rel}","templated":true}]}}