{"id":92354,"date":"2019-10-11T14:26:16","date_gmt":"2019-10-11T14:26:16","guid":{"rendered":"http:\/\/plazajuarez.mx\/index\/index.php\/2019\/10\/11\/no-estamos-descafeinando-la-reforma-penal-fiscal-2020-shcp\/"},"modified":"2019-10-11T14:26:16","modified_gmt":"2019-10-11T14:26:16","slug":"no-estamos-descafeinando-la-reforma-penal-fiscal-2020-shcp","status":"publish","type":"post","link":"https:\/\/plazajuarez.mx\/historico\/no-estamos-descafeinando-la-reforma-penal-fiscal-2020-shcp\/","title":{"rendered":"No estamos &#8220;descafeinando&#8221; la reforma penal fiscal 2020: SHCP"},"content":{"rendered":"<p>Se estima que se recaudar\u00e1n 30 mil millones de pesos extras en 2020<\/p>\n<p>  <!--more-->  <\/p>\n<p>Con los acuerdos entre el sector empresarial y la Secretar\u00eda de Hacienda para que sean tomados en cuenta por los diputados, no se est\u00e1 &#8220;descafeinando&#8221; la reforma penal fiscal pues mantiene todos los &#8220;dientes&#8221; para atacar la evasi\u00f3n e ir a la cabeza de los factureros.\u00a0\u00a0<\/p>\n<p>Es decir que no significa que disminuir\u00e1n los 30 mil millones de pesos estimados por la recaudaci\u00f3n extra que se prev\u00e9 obtener para el siguiente a\u00f1o. As\u00ed lo afirmaron en conferencia de prensa el titular de la Secretar\u00eda de Hacienda y Cr\u00e9dito P\u00fablico (SHCP), Arturo Herrera, y el Procurador Fiscal de la Federaci\u00f3n (PFF), Carlos Romero Aranda.\u00a0\u00a0<\/p>\n<p>PIDEN \u201cCUIDAR\u201d A MORENA EN RENOVACI\u00d3N DE DIRIGENCIA<\/p>\n<p>Mario Delgado, l\u00edder de la bancada de Morena en la C\u00e1mara de Diputados, pidi\u00f3 a la dirigencia de su partido garantizar el mejor m\u00e9todo para su renovaci\u00f3n en aras de &#8220;cuidar&#8221; al partido y asegur\u00f3 que apoyar\u00e1 la decisi\u00f3n de posponer la elecci\u00f3n siempre y cuando sea en beneficio de Morena.<\/p>\n<p>&#8220;Estoy de acuerdo con lo decida la dirigencia siempre y cuando sea lo mejor para el partido, si esa es la mejor decisi\u00f3n para cuidar el partido, por supuesto que lo vamos a apoyar. No me corresponde esa decisi\u00f3n, pero s\u00ed pido que sean muy responsables a la organizaci\u00f3n de las asambleas&#8221;, dijo.<\/p>\n<p>COMISI\u00d3N RECHAZA MODIFICAR M\u00c9TODO DE ELECCI\u00d3N<\/p>\n<p>La Comisi\u00f3n coadyuvante de la organizaci\u00f3n del proceso interno de Morena rechaz\u00f3 suspender los congresos distritales que comenzar\u00e1n a partir de este fin de semana, tras asegurar que el padr\u00f3n s\u00ed es confiable y existen condiciones para que esas asambleas se lleven a cabo &#8220;con normalidad&#8221;.<\/p>\n<p>Llamamos &#8220;a respetarnos entre nosotros y a recordar que los verdaderos adversarios est\u00e1n afuera del partido, no dentro de \u00e9l&#8221;, advirti\u00f3 el escritor Pedro Miguel, coordinador de ese grupo morenista.\u00a0<\/p>\n","protected":false},"excerpt":{"rendered":"<p>Se estima que se recaudar\u00e1n 30 mil millones de pesos extras en 2020<\/p>\n","protected":false},"author":3,"featured_media":0,"comment_status":"open","ping_status":"open","sticky":false,"template":"","format":"standard","meta":{"footnotes":""},"categories":[36],"tags":[],"class_list":["post-92354","post","type-post","status-publish","format-standard","hentry","category-nacion"],"_links":{"self":[{"href":"https:\/\/plazajuarez.mx\/historico\/wp-json\/wp\/v2\/posts\/92354","targetHints":{"allow":["GET"]}}],"collection":[{"href":"https:\/\/plazajuarez.mx\/historico\/wp-json\/wp\/v2\/posts"}],"about":[{"href":"https:\/\/plazajuarez.mx\/historico\/wp-json\/wp\/v2\/types\/post"}],"author":[{"embeddable":true,"href":"https:\/\/plazajuarez.mx\/historico\/wp-json\/wp\/v2\/users\/3"}],"replies":[{"embeddable":true,"href":"https:\/\/plazajuarez.mx\/historico\/wp-json\/wp\/v2\/comments?post=92354"}],"version-history":[{"count":0,"href":"https:\/\/plazajuarez.mx\/historico\/wp-json\/wp\/v2\/posts\/92354\/revisions"}],"wp:attachment":[{"href":"https:\/\/plazajuarez.mx\/historico\/wp-json\/wp\/v2\/media?parent=92354"}],"wp:term":[{"taxonomy":"category","embeddable":true,"href":"https:\/\/plazajuarez.mx\/historico\/wp-json\/wp\/v2\/categories?post=92354"},{"taxonomy":"post_tag","embeddable":true,"href":"https:\/\/plazajuarez.mx\/historico\/wp-json\/wp\/v2\/tags?post=92354"}],"curies":[{"name":"wp","href":"https:\/\/api.w.org\/{rel}","templated":true}]}}