{"id":92353,"date":"2019-10-11T14:23:08","date_gmt":"2019-10-11T14:23:08","guid":{"rendered":"http:\/\/plazajuarez.mx\/index\/index.php\/2019\/10\/11\/suspenden-por-corrupcion-a-magistrado\/"},"modified":"2019-10-11T14:23:08","modified_gmt":"2019-10-11T14:23:08","slug":"suspenden-por-corrupcion-a-magistrado","status":"publish","type":"post","link":"https:\/\/plazajuarez.mx\/historico\/suspenden-por-corrupcion-a-magistrado\/","title":{"rendered":"Suspenden por corrupci\u00f3n a magistrado"},"content":{"rendered":"<p>Revisaba el caso Santa Luc\u00eda<\/p>\n<p>Deja pendientes diversas revisiones sobre las suspensiones y amparos contra la construcci\u00f3n del aeropuerto de Santa Luc\u00eda<\/p>\n<p>  <!--more-->  <\/p>\n<p>\u00a0El Consejo de la Judicatura Federal (CJF) orden\u00f3 suspender indefinidamente al magistrado federal, Jorge Arturo Camero, del D\u00e9cimo Tribunal Colegiado en materia Administrativa en la CDMX, por registrar inconsistencias &#8220;graves&#8221; en sus finanzas.<\/p>\n<p>El CJF inici\u00f3 una investigaci\u00f3n contra el magistrado. La resoluci\u00f3n fue dada a conocer por el ministro presidente de la Suprema Corte de Justicia, Arturo Zald\u00edvar, quien rehus\u00f3 dar el nombre del magistrado y detalles sobre las inconsistencias &#8220;graves&#8221; alegadas para suspenderlo.<\/p>\n<p>&#8220;SANTA LUC\u00cdA Y AICM PUEDEN OPERAR SIMULT\u00c1NEAMENTE\u201d<\/p>\n<p>Los vuelos que salen del aeropuerto de Santa Luc\u00eda y del Aeropuerto Internacional de la Ciudad de M\u00e9xico (AICM) pueden despegar simult\u00e1neamente, dijo en entrevista el presidente de la Feria Aeroespacial de la Fuerza A\u00e9rea Mexicana, general Rodolfo Rodr\u00edguez Quesada.<\/p>\n","protected":false},"excerpt":{"rendered":"<p>Revisaba el caso Santa Luc\u00eda Deja pendientes diversas revisiones sobre las suspensiones y amparos contra la construcci\u00f3n del aeropuerto de Santa Luc\u00eda<\/p>\n","protected":false},"author":3,"featured_media":0,"comment_status":"open","ping_status":"open","sticky":false,"template":"","format":"standard","meta":{"footnotes":""},"categories":[36],"tags":[],"class_list":["post-92353","post","type-post","status-publish","format-standard","hentry","category-nacion"],"_links":{"self":[{"href":"https:\/\/plazajuarez.mx\/historico\/wp-json\/wp\/v2\/posts\/92353","targetHints":{"allow":["GET"]}}],"collection":[{"href":"https:\/\/plazajuarez.mx\/historico\/wp-json\/wp\/v2\/posts"}],"about":[{"href":"https:\/\/plazajuarez.mx\/historico\/wp-json\/wp\/v2\/types\/post"}],"author":[{"embeddable":true,"href":"https:\/\/plazajuarez.mx\/historico\/wp-json\/wp\/v2\/users\/3"}],"replies":[{"embeddable":true,"href":"https:\/\/plazajuarez.mx\/historico\/wp-json\/wp\/v2\/comments?post=92353"}],"version-history":[{"count":0,"href":"https:\/\/plazajuarez.mx\/historico\/wp-json\/wp\/v2\/posts\/92353\/revisions"}],"wp:attachment":[{"href":"https:\/\/plazajuarez.mx\/historico\/wp-json\/wp\/v2\/media?parent=92353"}],"wp:term":[{"taxonomy":"category","embeddable":true,"href":"https:\/\/plazajuarez.mx\/historico\/wp-json\/wp\/v2\/categories?post=92353"},{"taxonomy":"post_tag","embeddable":true,"href":"https:\/\/plazajuarez.mx\/historico\/wp-json\/wp\/v2\/tags?post=92353"}],"curies":[{"name":"wp","href":"https:\/\/api.w.org\/{rel}","templated":true}]}}