{"id":92352,"date":"2019-10-11T14:17:29","date_gmt":"2019-10-11T14:17:29","guid":{"rendered":"http:\/\/plazajuarez.mx\/index\/index.php\/2019\/10\/11\/en-mi-gobierno-no-aumentara-la-edad-de-retiro\/"},"modified":"2019-10-11T14:17:29","modified_gmt":"2019-10-11T14:17:29","slug":"en-mi-gobierno-no-aumentara-la-edad-de-retiro","status":"publish","type":"post","link":"https:\/\/plazajuarez.mx\/historico\/en-mi-gobierno-no-aumentara-la-edad-de-retiro\/","title":{"rendered":"\u201cEn mi gobierno no aumentar\u00e1 la edad de retiro\u201d"},"content":{"rendered":"<p>Dijo AMLO que esa fue una pol\u00edtica del periodo neoliberal que, afirm\u00f3, afect\u00f3 a todos los mexicanos<\/p>\n<p>\u201cNosotros tenemos que actuar con una pol\u00edtica laboral distinta a la que se hizo en el periodo neoliberal que fue un fracaso rotundo\u201d<\/p>\n<p>  <!--more-->  <\/p>\n<p>En Palacio Nacional, el presidente, Andr\u00e9s Manuel L\u00f3pez Obrador, se\u00f1al\u00f3 que se hicieron reformas que afectaron a los trabajadores, &#8220;a todos los mexicanos por consigna muchas veces ni siquiera por decisi\u00f3n de los mexicanos, sino para cumplir con recomendaciones del extranjero, eso se acab\u00f3. Ya no vamos a seguir con eso&#8221;.<\/p>\n<p>SUSTITUTO DE MEDINA MORA, CERCANO AL PUEBLO<\/p>\n<p>El presidente Andr\u00e9s Manuel L\u00f3pez Obrador indic\u00f3 que en breve enviar\u00e1 una terna al Senado para sustituir al ex ministro Eduardo Medina Mora -quien renunci\u00f3 al cargo en medio de una investigaci\u00f3n en su contra por presunto lavado de dinero- con mujeres u hombres &#8220;sin l\u00ednea&#8221;, cercanos al pueblo y no al poder.\u00a0\u00a0\u00a0<\/p>\n<p>\u201cTRATAMOS DE CONVENCER A EMPRESARIO PARA\u00a0 QUE EVITEN FRAUDES\u201d<\/p>\n<p>AMLO inform\u00f3 que ha estado en reuniones con empresarios donde el tema que se ha tratado ha sido el evitar fraudes fiscales por medio de la emisi\u00f3n de facturas falsas y la creaci\u00f3n de empresas fantasmas, y en caso que haya denuncias de este tipo, garantiz\u00f3 que su gobierno no actuar\u00e1 de forma arbitraria.\u00a0<\/p>\n<p>&#8220;Estoy convenci\u00e9ndolos de la importancia que tiene el evitar los fraudes con facturas falsas, con empresas fantasmas, porque esto gener\u00f3 alguna preocupaci\u00f3n leg\u00edtima entre empresarios\u201d.\u00a0<\/p>\n","protected":false},"excerpt":{"rendered":"<p>Dijo AMLO que esa fue una pol\u00edtica del periodo neoliberal que, afirm\u00f3, afect\u00f3 a todos los mexicanos \u201cNosotros tenemos que actuar con una pol\u00edtica laboral distinta a la que se hizo en el periodo neoliberal que fue un fracaso rotundo\u201d<\/p>\n","protected":false},"author":3,"featured_media":0,"comment_status":"open","ping_status":"open","sticky":false,"template":"","format":"standard","meta":{"footnotes":""},"categories":[36],"tags":[],"class_list":["post-92352","post","type-post","status-publish","format-standard","hentry","category-nacion"],"_links":{"self":[{"href":"https:\/\/plazajuarez.mx\/historico\/wp-json\/wp\/v2\/posts\/92352","targetHints":{"allow":["GET"]}}],"collection":[{"href":"https:\/\/plazajuarez.mx\/historico\/wp-json\/wp\/v2\/posts"}],"about":[{"href":"https:\/\/plazajuarez.mx\/historico\/wp-json\/wp\/v2\/types\/post"}],"author":[{"embeddable":true,"href":"https:\/\/plazajuarez.mx\/historico\/wp-json\/wp\/v2\/users\/3"}],"replies":[{"embeddable":true,"href":"https:\/\/plazajuarez.mx\/historico\/wp-json\/wp\/v2\/comments?post=92352"}],"version-history":[{"count":0,"href":"https:\/\/plazajuarez.mx\/historico\/wp-json\/wp\/v2\/posts\/92352\/revisions"}],"wp:attachment":[{"href":"https:\/\/plazajuarez.mx\/historico\/wp-json\/wp\/v2\/media?parent=92352"}],"wp:term":[{"taxonomy":"category","embeddable":true,"href":"https:\/\/plazajuarez.mx\/historico\/wp-json\/wp\/v2\/categories?post=92352"},{"taxonomy":"post_tag","embeddable":true,"href":"https:\/\/plazajuarez.mx\/historico\/wp-json\/wp\/v2\/tags?post=92352"}],"curies":[{"name":"wp","href":"https:\/\/api.w.org\/{rel}","templated":true}]}}