{"id":92346,"date":"2019-10-11T14:13:21","date_gmt":"2019-10-11T14:13:21","guid":{"rendered":"http:\/\/plazajuarez.mx\/index\/index.php\/2019\/10\/11\/instalan-consejo-municipal-de-participacion-social-en-la-educacion\/"},"modified":"2019-10-11T14:13:21","modified_gmt":"2019-10-11T14:13:21","slug":"instalan-consejo-municipal-de-participacion-social-en-la-educacion","status":"publish","type":"post","link":"https:\/\/plazajuarez.mx\/historico\/instalan-consejo-municipal-de-participacion-social-en-la-educacion\/","title":{"rendered":"Instalan Consejo Municipal de Participaci\u00f3n Social en la Educaci\u00f3n"},"content":{"rendered":"<p>El alcalde de Emiliano Zapata, Antonio Espinoza, lo estableci\u00f3<\/p>\n<p>\u00a0Qued\u00f3\u00a0 integrado por autoridades municipales, padres de familias, maestros y directivos de las escuelas<\/p>\n<p>  <!--more-->  <\/p>\n<p>El alcalde Antonio Espinoza indic\u00f3 que la instalaci\u00f3n del Comit\u00e9 Municipal de Participaci\u00f3n Social va m\u00e1s all\u00e1 de lo que es la escuela, la sociedad, \u201ces importante que nosotros como funcionarios nos integremos y esto pueda fluir de otra manera, es darle la importancia y la seriedad de conformar este consejo\u201d.<\/p>\n<p>Deber\u00e1 ser una instancia que eleve el nivel de la calidad y la equidad de la educaci\u00f3n b\u00e1sica, as\u00ed como ampliar la cobertura de los servicios educativos, en las escuelas de nivel b\u00e1sico que se encuentren en esta demarcaci\u00f3n.<\/p>\n<p>Dulce Mar\u00eda Mu\u00f1iz Mart\u00ednez, directora de Participaci\u00f3n Social de la Secretar\u00eda de Educaci\u00f3n de Hidalgo, agradeci\u00f3 las facilidades para poder integrar este consejo, con el cual se podr\u00e1 mejorar la educaci\u00f3n de los ni\u00f1os y j\u00f3venes que asisten a escuelas del municipio de Emiliano Zapata.<\/p>\n<p>Se\u00f1al\u00f3 que esta es una labor social, en la que el alcalde se ha involucrado en apoyo a la educaci\u00f3n,\u00a0\u201csabemos del trabajo que ha hecho en escuelas; sabemos que est\u00e1 preocupado y ocupado por la educaci\u00f3n de su municipio\u201d.<\/p>\n<p>\u00a0<\/p>\n","protected":false},"excerpt":{"rendered":"<p>El alcalde de Emiliano Zapata, Antonio Espinoza, lo estableci\u00f3 \u00a0Qued\u00f3\u00a0 integrado por autoridades municipales, padres de familias, maestros y directivos de las escuelas<\/p>\n","protected":false},"author":3,"featured_media":0,"comment_status":"open","ping_status":"open","sticky":false,"template":"","format":"standard","meta":{"footnotes":""},"categories":[40],"tags":[],"class_list":["post-92346","post","type-post","status-publish","format-standard","hentry","category-region"],"_links":{"self":[{"href":"https:\/\/plazajuarez.mx\/historico\/wp-json\/wp\/v2\/posts\/92346","targetHints":{"allow":["GET"]}}],"collection":[{"href":"https:\/\/plazajuarez.mx\/historico\/wp-json\/wp\/v2\/posts"}],"about":[{"href":"https:\/\/plazajuarez.mx\/historico\/wp-json\/wp\/v2\/types\/post"}],"author":[{"embeddable":true,"href":"https:\/\/plazajuarez.mx\/historico\/wp-json\/wp\/v2\/users\/3"}],"replies":[{"embeddable":true,"href":"https:\/\/plazajuarez.mx\/historico\/wp-json\/wp\/v2\/comments?post=92346"}],"version-history":[{"count":0,"href":"https:\/\/plazajuarez.mx\/historico\/wp-json\/wp\/v2\/posts\/92346\/revisions"}],"wp:attachment":[{"href":"https:\/\/plazajuarez.mx\/historico\/wp-json\/wp\/v2\/media?parent=92346"}],"wp:term":[{"taxonomy":"category","embeddable":true,"href":"https:\/\/plazajuarez.mx\/historico\/wp-json\/wp\/v2\/categories?post=92346"},{"taxonomy":"post_tag","embeddable":true,"href":"https:\/\/plazajuarez.mx\/historico\/wp-json\/wp\/v2\/tags?post=92346"}],"curies":[{"name":"wp","href":"https:\/\/api.w.org\/{rel}","templated":true}]}}