{"id":92345,"date":"2019-10-11T14:08:00","date_gmt":"2019-10-11T14:08:00","guid":{"rendered":"http:\/\/plazajuarez.mx\/index\/index.php\/2019\/10\/11\/efectuaron-ultima-feria-del-empleo-en-tizayuca\/"},"modified":"2019-10-11T14:08:00","modified_gmt":"2019-10-11T14:08:00","slug":"efectuaron-ultima-feria-del-empleo-en-tizayuca","status":"publish","type":"post","link":"https:\/\/plazajuarez.mx\/historico\/efectuaron-ultima-feria-del-empleo-en-tizayuca\/","title":{"rendered":"Efectuaron \u00faltima Feria del Empleo en Tizayuca"},"content":{"rendered":"<p>El municipio fue sede; organizada por la Secretar\u00eda del Trabajo de Hidalgo<\/p>\n<p>La finalidad: ofrecer mejores opciones laborales a los buscadores de empleo del municipio y la regi\u00f3n<\/p>\n<p>  <!--more-->  <\/p>\n<p>El alcalde, Gabriel Garc\u00eda Rojas, afirm\u00f3 que Tizayuca y Canc\u00fan, son los dos municipios con mayor \u00edndice de crecimiento poblacional a nivel nacional, raz\u00f3n por la que tambi\u00e9n han aumentado sus necesidades, \u201ces por ello que agradezco al gobernador, Omar Fayad, y a todos los que han hecho posible que haya m\u00e1s inversi\u00f3n en el Estado y, por ende, m\u00e1s fuentes de empleo para la poblaci\u00f3n\u201d.<\/p>\n<p>Guadalupe Sara\u00ed Mar\u00edn Hern\u00e1ndez, directora general del Servicio Estatal de Empleo y representante de Mar\u00eda de los \u00c1ngeles Eguiluz Tapia, secretaria del Trabajo y Previsi\u00f3n Social de Hidalgo, manifest\u00f3 que el objetivo del gobernador es lograr en la entidad una pol\u00edtica de trabajo m\u00e1s justa, eficiente y de mayor impacto.<\/p>\n<p>Inform\u00f3 que en esta ocasi\u00f3n participaron 40 empresas que ofrecieron 850 vacantes, a las que sumaron las de la bolsa de empleo estatal, que tuvieron un total de 2 mil 700 oportunidades de encontrar trabajo, ya sea en una empresa de Tizayuca, de la regi\u00f3n o de la entidad, as\u00ed como en materia de movilidad laboral externa e interna.<\/p>\n<p>Estuvieron presentes: Armando Cruz, presidente de la Canacintra; Cristina Flores, secretaria de Desarrollo Econ\u00f3mico municipal; Carlos Alberto Telpalo, jefe del departamento de Seguridad e Higiene de la Delegaci\u00f3n Federal del Trabajo en Hidalgo; Andr\u00e9s Tovar, jefe de afiliaci\u00f3n y cobranza del IMSS; Laura Hern\u00e1ndez, jefa de la Jurisdicci\u00f3n Sanitaria XII; Juan Sebasti\u00e1n Hern\u00e1ndez, delegado de la Secretar\u00eda de Seguridad P\u00fablica en la regi\u00f3n de Tizayuca; Ranulfo Serrano, director de Gobernaci\u00f3n en Tizayuca y Odil\u00f3n S\u00e1nchez, delegado especial del gobernador.<\/p>\n","protected":false},"excerpt":{"rendered":"<p>El municipio fue sede; organizada por la Secretar\u00eda del Trabajo de Hidalgo La finalidad: ofrecer mejores opciones laborales a los buscadores de empleo del municipio y la regi\u00f3n<\/p>\n","protected":false},"author":3,"featured_media":0,"comment_status":"open","ping_status":"open","sticky":false,"template":"","format":"standard","meta":{"footnotes":""},"categories":[40],"tags":[],"class_list":["post-92345","post","type-post","status-publish","format-standard","hentry","category-region"],"_links":{"self":[{"href":"https:\/\/plazajuarez.mx\/historico\/wp-json\/wp\/v2\/posts\/92345","targetHints":{"allow":["GET"]}}],"collection":[{"href":"https:\/\/plazajuarez.mx\/historico\/wp-json\/wp\/v2\/posts"}],"about":[{"href":"https:\/\/plazajuarez.mx\/historico\/wp-json\/wp\/v2\/types\/post"}],"author":[{"embeddable":true,"href":"https:\/\/plazajuarez.mx\/historico\/wp-json\/wp\/v2\/users\/3"}],"replies":[{"embeddable":true,"href":"https:\/\/plazajuarez.mx\/historico\/wp-json\/wp\/v2\/comments?post=92345"}],"version-history":[{"count":0,"href":"https:\/\/plazajuarez.mx\/historico\/wp-json\/wp\/v2\/posts\/92345\/revisions"}],"wp:attachment":[{"href":"https:\/\/plazajuarez.mx\/historico\/wp-json\/wp\/v2\/media?parent=92345"}],"wp:term":[{"taxonomy":"category","embeddable":true,"href":"https:\/\/plazajuarez.mx\/historico\/wp-json\/wp\/v2\/categories?post=92345"},{"taxonomy":"post_tag","embeddable":true,"href":"https:\/\/plazajuarez.mx\/historico\/wp-json\/wp\/v2\/tags?post=92345"}],"curies":[{"name":"wp","href":"https:\/\/api.w.org\/{rel}","templated":true}]}}