{"id":92274,"date":"2019-10-10T05:08:38","date_gmt":"2019-10-10T05:08:38","guid":{"rendered":"http:\/\/plazajuarez.mx\/index\/index.php\/2019\/10\/10\/agenda-publica-es-de-los-ciudadanos\/"},"modified":"2019-10-10T05:08:38","modified_gmt":"2019-10-10T05:08:38","slug":"agenda-publica-es-de-los-ciudadanos","status":"publish","type":"post","link":"https:\/\/plazajuarez.mx\/historico\/agenda-publica-es-de-los-ciudadanos\/","title":{"rendered":"\u201cAgenda p\u00fablica, es de los ciudadanos\u201d"},"content":{"rendered":"<p>Afirm\u00f3 G\u00f3mez L\u00f3pez <br \/>\u00a0\u00a0 \u00a0\u2022\u00a0\u00a0 \u00a0As\u00ed lo declar\u00f3 el dirigente estatal en Hidalgo de Movimiento Ciudadano, en torno a la despenalizaci\u00f3n del aborto en la entidad\u2028<\/p>\n<p>  <!--more-->  <\/p>\n<p>En entrevista para Diario Plaza Ju\u00e1rez, Pablo G\u00f3mez L\u00f3pez dirigente estatal en Hidalgo del partido Movimiento Ciudadano (MC), ante\u00a0 las discusiones sobre la despenalizaci\u00f3n del aborto que se discutir\u00e1 en pr\u00f3ximos d\u00edas, indic\u00f3 que es decisi\u00f3n solamente de los ciudadanos, haciendo referencia de que las personas son representadas por los diputados del Congreso del Estado de Hidalgo.<br \/>\u201cMe parece que la agenda p\u00fablica requiere mayor seriedad, por lo que me preocupa c\u00f3mo se toman las decisiones en el congreso, si as\u00ed como discuten el presupuesto p\u00fablico, me parece que este congreso est\u00e1 muy lejos y no est\u00e1 a la altura de poder llevar una discusi\u00f3n de esta naturaleza como lo es la interrupci\u00f3n legal del embarazo\u201d, recalc\u00f3 G\u00f3mez L\u00f3pez.<br \/>Reiter\u00f3 que los diputados no han tenido el inter\u00e9s de querer representar a los ciudadanos, por lo que opino que esta decisi\u00f3n para despenalizar el aborto deber\u00eda tomarla otra legislatura \u201cno veo la capacidad para tomar esta decisi\u00f3n en la mayor\u00eda de las personas que est\u00e1n legislando actualmente en Hidalgo\u201d.<br \/>As\u00ed mismo G\u00f3mez L\u00f3pez indic\u00f3 que son los diputados quienes deben generar los instrumentos necesarios para ser verdaderamente la voz de los ciudadanos, no solo en el tema de despenalizar el aborto si no en muchos m\u00e1s, como en la pasada reforma electoral.<br \/>Como parte de los valores de MC cualquier ciudadano puede actuar, decidir, adem\u00e1s los ciudadanos, no los pol\u00edticos, son quienes deben tomar la responsabilidad de construir un nuevo camino.<\/p>\n","protected":false},"excerpt":{"rendered":"<p>Afirm\u00f3 G\u00f3mez L\u00f3pez \u00a0\u00a0 \u00a0\u2022\u00a0\u00a0 \u00a0As\u00ed lo declar\u00f3 el dirigente estatal en Hidalgo de Movimiento Ciudadano, en torno a la despenalizaci\u00f3n del aborto en la entidad\u2028<\/p>\n","protected":false},"author":93,"featured_media":0,"comment_status":"open","ping_status":"open","sticky":false,"template":"","format":"standard","meta":{"footnotes":""},"categories":[59],"tags":[],"class_list":["post-92274","post","type-post","status-publish","format-standard","hentry","category-general"],"_links":{"self":[{"href":"https:\/\/plazajuarez.mx\/historico\/wp-json\/wp\/v2\/posts\/92274","targetHints":{"allow":["GET"]}}],"collection":[{"href":"https:\/\/plazajuarez.mx\/historico\/wp-json\/wp\/v2\/posts"}],"about":[{"href":"https:\/\/plazajuarez.mx\/historico\/wp-json\/wp\/v2\/types\/post"}],"author":[{"embeddable":true,"href":"https:\/\/plazajuarez.mx\/historico\/wp-json\/wp\/v2\/users\/93"}],"replies":[{"embeddable":true,"href":"https:\/\/plazajuarez.mx\/historico\/wp-json\/wp\/v2\/comments?post=92274"}],"version-history":[{"count":0,"href":"https:\/\/plazajuarez.mx\/historico\/wp-json\/wp\/v2\/posts\/92274\/revisions"}],"wp:attachment":[{"href":"https:\/\/plazajuarez.mx\/historico\/wp-json\/wp\/v2\/media?parent=92274"}],"wp:term":[{"taxonomy":"category","embeddable":true,"href":"https:\/\/plazajuarez.mx\/historico\/wp-json\/wp\/v2\/categories?post=92274"},{"taxonomy":"post_tag","embeddable":true,"href":"https:\/\/plazajuarez.mx\/historico\/wp-json\/wp\/v2\/tags?post=92274"}],"curies":[{"name":"wp","href":"https:\/\/api.w.org\/{rel}","templated":true}]}}