{"id":92273,"date":"2019-10-10T05:08:38","date_gmt":"2019-10-10T05:08:38","guid":{"rendered":"http:\/\/plazajuarez.mx\/index\/index.php\/2019\/10\/10\/fray-julian-cruzalta-en-lxiv-legislatura-local\/"},"modified":"2019-10-10T05:08:38","modified_gmt":"2019-10-10T05:08:38","slug":"fray-julian-cruzalta-en-lxiv-legislatura-local","status":"publish","type":"post","link":"https:\/\/plazajuarez.mx\/historico\/fray-julian-cruzalta-en-lxiv-legislatura-local\/","title":{"rendered":"Fray Juli\u00e1n Cruzalta en LXIV Legislatura local"},"content":{"rendered":"<p>HIDALGO\u00a0 <br \/>\u00a0\u00a0 \u00a0\u2022\u00a0\u00a0 \u00a0Dio argumentos \u00e9ticos en pro de la despenalizaci\u00f3n del aborto\u2028<\/p>\n<p>  <!--more-->  <\/p>\n<p>\u201cEs necesario separar las creencias, de las ideas y los derechos\u201d, afirm\u00f3 Fray Juli\u00e1n Cruzalta en su visita a la LXIV Legislatura local con la finalidad de dar argumentos \u00e9ticos a favor de la despenalizaci\u00f3n del aborto.<br \/>Precis\u00f3 que si bien las creencias deben ser respetables, y est\u00e1n amparadas en la Constituci\u00f3n y en la libertad de religi\u00f3n y culto, \u00e9stas no pueden ser el fundamento de la ley, porque la discusi\u00f3n sobre el tema del aborto ser\u00eda interminable.<br \/>Dijo, \u201cla creencia es de la iglesia, aqu\u00ed la cuesti\u00f3n no es si el aborto es pecado o no, eso le toca a las iglesias, la discusi\u00f3n es de las ideas, si es delito o no, y en qu\u00e9 circunstancias se despenaliza, aqu\u00ed el asunto de la \u00e9tica es dar razones de peso\u201d.<br \/>El presb\u00edtero y activista mencion\u00f3 que los seres humanos \u201ctenemos una parte racional que m\u00e1s o menos funciona y la razonable, y ah\u00ed est\u00e1 la \u00e9tica, que es dar razones de peso y no de capricho\u201d, entre ellas cit\u00f3 la violencia, embarazos no deseados, falta de formaci\u00f3n en sexualidad desde la infancia, carencias, abuso contra mujeres y ni\u00f1as.<br \/>Aclar\u00f3 que el hecho de que exista una ley que despenalice \u201cno obliga a nadie a abortar\u201d, descartando con ello prejuicios como que la aprobaci\u00f3n de la ley representar\u00e1 recursos al estado, espec\u00edficamente al sector salud.<br \/>Lo anterior al enfatizar que los valores de la \u00e9tica p\u00fablica son las libertades, mismas que deben ser amparadas por los funcionarios p\u00fablicos, y puntualmente la libertad de conciencia, \u201cyo decido bajo mi conciencia, y que las mujeres no tengan libertad de conciencia es sumamente grave\u201d.<br \/>Asimismo Fray Juli\u00e1n Cruzalta, se\u00f1al\u00f3 que otro argumento de peso para decidir a favor de la despenalizaci\u00f3n del aborto es la autonom\u00eda individual \u201ccuando me reproduzco y cu\u00e1ntas veces, porque no es decisi\u00f3n del estado es individual\u201d.<br \/>Adem\u00e1s involucr\u00f3 el tema de la tolerancia como valor de la \u00e9tica p\u00fablica \u201ces el sentido positivo, no es aguantar, es el respeto, quien quieran ser respetado debe respetar a los diferentes, quien quiera ser escuchado tiene que escuchar a los diferentes\u201d.<br \/>Finalmente se dirigi\u00f3 a los diputados y subray\u00f3, \u201cEs tiempo que las mujeres en Hidalgo sean ciudadanas plenas, porque creo que han tenido todas las cargas pero no la respuesta del estado\u201d.<\/p>\n","protected":false},"excerpt":{"rendered":"<p>HIDALGO\u00a0 \u00a0\u00a0 \u00a0\u2022\u00a0\u00a0 \u00a0Dio argumentos \u00e9ticos en pro de la despenalizaci\u00f3n del aborto\u2028<\/p>\n","protected":false},"author":93,"featured_media":0,"comment_status":"open","ping_status":"open","sticky":false,"template":"","format":"standard","meta":{"footnotes":""},"categories":[59],"tags":[],"class_list":["post-92273","post","type-post","status-publish","format-standard","hentry","category-general"],"_links":{"self":[{"href":"https:\/\/plazajuarez.mx\/historico\/wp-json\/wp\/v2\/posts\/92273","targetHints":{"allow":["GET"]}}],"collection":[{"href":"https:\/\/plazajuarez.mx\/historico\/wp-json\/wp\/v2\/posts"}],"about":[{"href":"https:\/\/plazajuarez.mx\/historico\/wp-json\/wp\/v2\/types\/post"}],"author":[{"embeddable":true,"href":"https:\/\/plazajuarez.mx\/historico\/wp-json\/wp\/v2\/users\/93"}],"replies":[{"embeddable":true,"href":"https:\/\/plazajuarez.mx\/historico\/wp-json\/wp\/v2\/comments?post=92273"}],"version-history":[{"count":0,"href":"https:\/\/plazajuarez.mx\/historico\/wp-json\/wp\/v2\/posts\/92273\/revisions"}],"wp:attachment":[{"href":"https:\/\/plazajuarez.mx\/historico\/wp-json\/wp\/v2\/media?parent=92273"}],"wp:term":[{"taxonomy":"category","embeddable":true,"href":"https:\/\/plazajuarez.mx\/historico\/wp-json\/wp\/v2\/categories?post=92273"},{"taxonomy":"post_tag","embeddable":true,"href":"https:\/\/plazajuarez.mx\/historico\/wp-json\/wp\/v2\/tags?post=92273"}],"curies":[{"name":"wp","href":"https:\/\/api.w.org\/{rel}","templated":true}]}}