{"id":92272,"date":"2019-10-10T05:08:37","date_gmt":"2019-10-10T05:08:37","guid":{"rendered":"http:\/\/plazajuarez.mx\/index\/index.php\/2019\/10\/10\/homenaje-al-comandante-che-guevara-a-52-anos-de-vigencia\/"},"modified":"2019-10-10T05:08:37","modified_gmt":"2019-10-10T05:08:37","slug":"homenaje-al-comandante-che-guevara-a-52-anos-de-vigencia","status":"publish","type":"post","link":"https:\/\/plazajuarez.mx\/historico\/homenaje-al-comandante-che-guevara-a-52-anos-de-vigencia\/","title":{"rendered":"Homenaje al comandante Che Guevara, a 52 a\u00f1os de vigencia"},"content":{"rendered":"<p>16 A\u00d1OS ININTERRUMPIDOS <\/p>\n<p>  <!--more-->  <\/p>\n<p>Teniendo como escenario el Teatro Bartolom\u00e9 de Medina, el movimiento Verde Olivo, representado por Teresa Samperio Le\u00f3n, record\u00f3 la lucha social del comandante Ernesto \u201cChe\u201d Guevara, \u201ca 52 a\u00f1os de vigencia\u201d.<br \/>Se trata de 16 a\u00f1os, sin interrupciones, en los que esta agrupaci\u00f3n recuerda con respeto el aniversario luctuoso del pensador; manteniendo vigente su imagen e ideales, que son compartidos con los seguidores ciudadanos.<br \/>En esta edici\u00f3n, la ceremonia cont\u00f3 con la presencia de l\u00edderes pol\u00edticos de izquierda, como el presidente estatal del Partido de la Revoluci\u00f3n Democr\u00e1tica (PRD) H\u00e9ctor Ch\u00e1vez Ruiz y el comisionado nacional del Partido del Trabajo (PT) en Hidalgo, Javier V\u00e1zquez Calixto.<br \/>Fue un protocolo breve pero significativo, en el que el color verde olivo predomin\u00f3 en manteles que cubr\u00edan las mesas en donde se postraban fotograf\u00edas del comandante \u201cChe\u201d Guevara, que en conjunto con tazas e insignias, conformaban un altar escalonado para recordar el camino por lograr la libertad y la igualdad social; as\u00ed como la vigencia e influencia en las luchas sociales actuales.<\/p>\n","protected":false},"excerpt":{"rendered":"<p>16 A\u00d1OS ININTERRUMPIDOS<\/p>\n","protected":false},"author":93,"featured_media":0,"comment_status":"open","ping_status":"open","sticky":false,"template":"","format":"standard","meta":{"footnotes":""},"categories":[59],"tags":[],"class_list":["post-92272","post","type-post","status-publish","format-standard","hentry","category-general"],"_links":{"self":[{"href":"https:\/\/plazajuarez.mx\/historico\/wp-json\/wp\/v2\/posts\/92272","targetHints":{"allow":["GET"]}}],"collection":[{"href":"https:\/\/plazajuarez.mx\/historico\/wp-json\/wp\/v2\/posts"}],"about":[{"href":"https:\/\/plazajuarez.mx\/historico\/wp-json\/wp\/v2\/types\/post"}],"author":[{"embeddable":true,"href":"https:\/\/plazajuarez.mx\/historico\/wp-json\/wp\/v2\/users\/93"}],"replies":[{"embeddable":true,"href":"https:\/\/plazajuarez.mx\/historico\/wp-json\/wp\/v2\/comments?post=92272"}],"version-history":[{"count":0,"href":"https:\/\/plazajuarez.mx\/historico\/wp-json\/wp\/v2\/posts\/92272\/revisions"}],"wp:attachment":[{"href":"https:\/\/plazajuarez.mx\/historico\/wp-json\/wp\/v2\/media?parent=92272"}],"wp:term":[{"taxonomy":"category","embeddable":true,"href":"https:\/\/plazajuarez.mx\/historico\/wp-json\/wp\/v2\/categories?post=92272"},{"taxonomy":"post_tag","embeddable":true,"href":"https:\/\/plazajuarez.mx\/historico\/wp-json\/wp\/v2\/tags?post=92272"}],"curies":[{"name":"wp","href":"https:\/\/api.w.org\/{rel}","templated":true}]}}