{"id":92266,"date":"2019-10-09T23:10:05","date_gmt":"2019-10-09T23:10:05","guid":{"rendered":"http:\/\/plazajuarez.mx\/index\/index.php\/2019\/10\/09\/explosion-del-popocatepetl-provoca-caida-de-ceniza-en-morelos\/"},"modified":"2019-10-09T23:10:05","modified_gmt":"2019-10-09T23:10:05","slug":"explosion-del-popocatepetl-provoca-caida-de-ceniza-en-morelos","status":"publish","type":"post","link":"https:\/\/plazajuarez.mx\/historico\/explosion-del-popocatepetl-provoca-caida-de-ceniza-en-morelos\/","title":{"rendered":"Explosi\u00f3n del Popocat\u00e9petl provoca ca\u00edda de ceniza en Morelos"},"content":{"rendered":"<p style=\"text-align: justify;\"><span style=\"font-weight: 400;\">El Cenapred report\u00f3 177 exhalaciones y 258 minutos de tremor en las \u00faltimas 24 horas.<\/span><\/p>\n<p>  <!--more-->  <\/p>\n<p style=\"text-align: justify;\"><span style=\"font-weight: 400;\">Al menos ocho municipios del estado registraron ca\u00edda de ceniza a consecuencia de tres explosiones que registr\u00f3 el volc\u00e1n Popocat\u00e9petl, inform\u00f3 la Coordinaci\u00f3n Estatal de Protecci\u00f3n Civil.<\/span><\/p>\n<p style=\"text-align: justify;\"><span style=\"font-weight: 400;\">En un comunicado indic\u00f3 que por medio de los sistemas de monitoreo del Centro Nacional de Prevenci\u00f3n de Desastres (Cenapred) del volc\u00e1n se registraron 3 explosiones moderadas, lo que ocasion\u00f3 ca\u00edda de ceniza en los municipios de Tetela del Volc\u00e1n, Hueyapan, Cuautla, Yautepec, Yecapixtla, Jantetelco, Ayala y Emiliano Zapata.<\/span><\/p>\n<p style=\"text-align: justify;\"><span style=\"font-weight: 400;\">El titular de Protecci\u00f3n Civil, Enrique Clement Gallardo, dijo que de acuerdo con el reporte emitido por el Cenapred cualquier emisi\u00f3n se dispersar\u00e1 en direcci\u00f3n suroeste, por lo que se espera que exista ca\u00edda de ceniza en otros municipios de la entidad.<\/span><\/p>\n<p style=\"text-align: justify;\"><span style=\"font-weight: 400;\">El Cenapred report\u00f3 177 exhalaciones y 258 minutos de tremor en las \u00faltimas 24 horas.<\/span><\/p>\n<p style=\"text-align: justify;\"><span style=\"font-weight: 400;\">Esta actividad est\u00e1 contemplada dentro de los par\u00e1metros del Sem\u00e1foro de Alerta Volc\u00e1nica que se mantiene en Amarillo Fase 2, por lo que pidi\u00f3 a la poblaci\u00f3n informarse a trav\u00e9s de medios de comunicaci\u00f3n, de las p\u00e1ginas oficiales de Gobierno y de la CEPCM, y no creer o difundir rumores que buscan crear confusi\u00f3n.<\/span><\/p>\n<p style=\"text-align: justify;\"><span style=\"font-weight: 400;\">Protecci\u00f3n Civil recomend\u00f3 que ante la presencia de ceniza es importante evitar hacer actividades al aire libre; tapar tinacos y otros dep\u00f3sitos de agua para que no se contaminen; proteger ojos, nariz y boca; cerrar puertas y ventanas; utilizar ropa de manga larga, y gorra; adem\u00e1s de ser necesario desplazarse, limpiar ojos y garganta con agua pura al llegar al destino.<\/span><\/p>\n","protected":false},"excerpt":{"rendered":"<p>El Cenapred report\u00f3 177 exhalaciones y 258 minutos de tremor en las \u00faltimas 24 horas.<\/p>\n","protected":false},"author":1,"featured_media":0,"comment_status":"open","ping_status":"open","sticky":false,"template":"","format":"standard","meta":{"footnotes":""},"categories":[36],"tags":[],"class_list":["post-92266","post","type-post","status-publish","format-standard","hentry","category-nacion"],"_links":{"self":[{"href":"https:\/\/plazajuarez.mx\/historico\/wp-json\/wp\/v2\/posts\/92266","targetHints":{"allow":["GET"]}}],"collection":[{"href":"https:\/\/plazajuarez.mx\/historico\/wp-json\/wp\/v2\/posts"}],"about":[{"href":"https:\/\/plazajuarez.mx\/historico\/wp-json\/wp\/v2\/types\/post"}],"author":[{"embeddable":true,"href":"https:\/\/plazajuarez.mx\/historico\/wp-json\/wp\/v2\/users\/1"}],"replies":[{"embeddable":true,"href":"https:\/\/plazajuarez.mx\/historico\/wp-json\/wp\/v2\/comments?post=92266"}],"version-history":[{"count":0,"href":"https:\/\/plazajuarez.mx\/historico\/wp-json\/wp\/v2\/posts\/92266\/revisions"}],"wp:attachment":[{"href":"https:\/\/plazajuarez.mx\/historico\/wp-json\/wp\/v2\/media?parent=92266"}],"wp:term":[{"taxonomy":"category","embeddable":true,"href":"https:\/\/plazajuarez.mx\/historico\/wp-json\/wp\/v2\/categories?post=92266"},{"taxonomy":"post_tag","embeddable":true,"href":"https:\/\/plazajuarez.mx\/historico\/wp-json\/wp\/v2\/tags?post=92266"}],"curies":[{"name":"wp","href":"https:\/\/api.w.org\/{rel}","templated":true}]}}