{"id":92265,"date":"2019-10-09T22:24:36","date_gmt":"2019-10-09T22:24:36","guid":{"rendered":"http:\/\/plazajuarez.mx\/index\/index.php\/2019\/10\/09\/restos-de-jose-jose-llegan-al-panteon-frances-su-ultima-morada\/"},"modified":"2019-10-09T22:24:36","modified_gmt":"2019-10-09T22:24:36","slug":"restos-de-jose-jose-llegan-al-panteon-frances-su-ultima-morada","status":"publish","type":"post","link":"https:\/\/plazajuarez.mx\/historico\/restos-de-jose-jose-llegan-al-panteon-frances-su-ultima-morada\/","title":{"rendered":"Restos de Jos\u00e9 Jos\u00e9 llegan al Pante\u00f3n Franc\u00e9s, su \u00faltima morada"},"content":{"rendered":"<p style=\"text-align: justify;\">En el Parque de la China de la colonia Claver\u00eda, Jos\u00e9 Joel, hijo mayor del int\u00e9rprete, cant\u00f3 algunas canciones que hicieron famoso a su padre.<\/p>\n<p>  <!--more-->  <\/p>\n<p style=\"text-align: justify;\">Las cenizas de Jos\u00e9 Jos\u00e9 llegaron al Pante\u00f3n Franc\u00e9s, donde ser\u00e1n sepultadas junto a los restos de su madre Margarita Ortiz.<\/p>\n<p style=\"text-align: justify;\">Aunque en un inicio se inform\u00f3 que en el pante\u00f3n s\u00f3lo podr\u00edan ingresar los familiares, la tarde de este mi\u00e9rcoles se confirm\u00f3 que los medios de comunicaci\u00f3n tambi\u00e9n podr\u00e1n tener acceso.<\/p>\n<p style=\"text-align: justify;\">La jornada de su despedida en M\u00e9xico inici\u00f3 por la ma\u00f1ana en el Palacio de Bellas Artes, para luego visitar la Bas\u00edlica de Guadalupe y posteriormente la colonia Claver\u00eda, donde vivi\u00f3 varios a\u00f1os de su vida.<\/p>\n<p style=\"text-align: justify;\">En el Parque de la China de la colonia Claver\u00eda, Jos\u00e9 Joel, hijo mayor del int\u00e9rprete, cant\u00f3 algunas canciones que hicieron famoso a su padre.<\/p>\n<p style=\"text-align: justify;\">Minutos antes, en la Bas\u00edlica, Jos\u00e9 Joel y Marysol Sosa, ocuparon la primera fila durante la emotiva misa en este inmensa bas\u00edlica en la que se reunieron alrededor de cinco mil personas, seg\u00fan cifras aportadas por el propio recinto.<\/p>\n","protected":false},"excerpt":{"rendered":"<p>En el Parque de la China de la colonia Claver\u00eda, Jos\u00e9 Joel, hijo mayor del int\u00e9rprete, cant\u00f3 algunas canciones que hicieron famoso a su padre.<\/p>\n","protected":false},"author":1,"featured_media":0,"comment_status":"open","ping_status":"open","sticky":false,"template":"","format":"standard","meta":{"footnotes":""},"categories":[38],"tags":[],"class_list":["post-92265","post","type-post","status-publish","format-standard","hentry","category-show"],"_links":{"self":[{"href":"https:\/\/plazajuarez.mx\/historico\/wp-json\/wp\/v2\/posts\/92265","targetHints":{"allow":["GET"]}}],"collection":[{"href":"https:\/\/plazajuarez.mx\/historico\/wp-json\/wp\/v2\/posts"}],"about":[{"href":"https:\/\/plazajuarez.mx\/historico\/wp-json\/wp\/v2\/types\/post"}],"author":[{"embeddable":true,"href":"https:\/\/plazajuarez.mx\/historico\/wp-json\/wp\/v2\/users\/1"}],"replies":[{"embeddable":true,"href":"https:\/\/plazajuarez.mx\/historico\/wp-json\/wp\/v2\/comments?post=92265"}],"version-history":[{"count":0,"href":"https:\/\/plazajuarez.mx\/historico\/wp-json\/wp\/v2\/posts\/92265\/revisions"}],"wp:attachment":[{"href":"https:\/\/plazajuarez.mx\/historico\/wp-json\/wp\/v2\/media?parent=92265"}],"wp:term":[{"taxonomy":"category","embeddable":true,"href":"https:\/\/plazajuarez.mx\/historico\/wp-json\/wp\/v2\/categories?post=92265"},{"taxonomy":"post_tag","embeddable":true,"href":"https:\/\/plazajuarez.mx\/historico\/wp-json\/wp\/v2\/tags?post=92265"}],"curies":[{"name":"wp","href":"https:\/\/api.w.org\/{rel}","templated":true}]}}