{"id":92237,"date":"2019-10-09T12:50:46","date_gmt":"2019-10-09T12:50:46","guid":{"rendered":"http:\/\/plazajuarez.mx\/index\/index.php\/2019\/10\/09\/resolucion-refleja-captura-al-poder-judicial-prd\/"},"modified":"2019-10-09T12:50:46","modified_gmt":"2019-10-09T12:50:46","slug":"resolucion-refleja-captura-al-poder-judicial-prd","status":"publish","type":"post","link":"https:\/\/plazajuarez.mx\/historico\/resolucion-refleja-captura-al-poder-judicial-prd\/","title":{"rendered":"\u201cResoluci\u00f3n refleja captura al Poder Judicial\u201d: PRD"},"content":{"rendered":"<p>Sobre el aeropuerto de Santa Luc\u00eda <\/p>\n<p>\u00a0\u00a0 \u00a0\u2022\u00a0\u00a0 \u00a0\u00c1ngel \u00c1vila Romero, dirigente del PRD, se expres\u00f3 molesto por el desecho de los amparos\u00a0\u2028<\/p>\n<p>  <!--more-->  <\/p>\n<p>\u201cRepresenta la captura por parte del Poder Ejecutivo hacia el Poder Judicial\u201d.<br \/>Agencia El Universal.- &#8220;Es muy grave este antecedente, pues si el Poder Ejecutivo ya tiene el control del Poder Legislativo a trav\u00e9s de sus mayor\u00edas ficticias en la C\u00e1mara de Diputados y el Senado, hoy nos demuestra que est\u00e1 capturando tambi\u00e9n al Poder Judicial para llevar a cabo sus proyectos fara\u00f3nicos&#8221;, dijo \u00c1ngel \u00c1vila, dirigente del PRD.<br \/>Asegur\u00f3 que &#8220;desde hace semanas la Secretar\u00eda de la Defensa Nacional habr\u00eda presionado al juez por haber aceptado los amparos de los colectivos. Ahora vemos que cedi\u00f3 ante las presiones y favorece los designios del presidente&#8221;, sentenci\u00f3.<br \/>\u00c1vila Romero subray\u00f3 que hasta la fecha se desconocen los permisos que debieran emitir la Secretar\u00eda del Medio Ambiente y Recursos Naturales (Semarnat), en materia del medio ambiente, para la construcci\u00f3n del aeropuerto en Santa Luc\u00eda.<\/p>\n","protected":false},"excerpt":{"rendered":"<p>Sobre el aeropuerto de Santa Luc\u00eda \u00a0\u00a0 \u00a0\u2022\u00a0\u00a0 \u00a0\u00c1ngel \u00c1vila Romero, dirigente del PRD, se expres\u00f3 molesto por el desecho de los amparos\u00a0\u2028<\/p>\n","protected":false},"author":93,"featured_media":0,"comment_status":"open","ping_status":"open","sticky":false,"template":"","format":"standard","meta":{"footnotes":""},"categories":[36],"tags":[],"class_list":["post-92237","post","type-post","status-publish","format-standard","hentry","category-nacion"],"_links":{"self":[{"href":"https:\/\/plazajuarez.mx\/historico\/wp-json\/wp\/v2\/posts\/92237","targetHints":{"allow":["GET"]}}],"collection":[{"href":"https:\/\/plazajuarez.mx\/historico\/wp-json\/wp\/v2\/posts"}],"about":[{"href":"https:\/\/plazajuarez.mx\/historico\/wp-json\/wp\/v2\/types\/post"}],"author":[{"embeddable":true,"href":"https:\/\/plazajuarez.mx\/historico\/wp-json\/wp\/v2\/users\/93"}],"replies":[{"embeddable":true,"href":"https:\/\/plazajuarez.mx\/historico\/wp-json\/wp\/v2\/comments?post=92237"}],"version-history":[{"count":0,"href":"https:\/\/plazajuarez.mx\/historico\/wp-json\/wp\/v2\/posts\/92237\/revisions"}],"wp:attachment":[{"href":"https:\/\/plazajuarez.mx\/historico\/wp-json\/wp\/v2\/media?parent=92237"}],"wp:term":[{"taxonomy":"category","embeddable":true,"href":"https:\/\/plazajuarez.mx\/historico\/wp-json\/wp\/v2\/categories?post=92237"},{"taxonomy":"post_tag","embeddable":true,"href":"https:\/\/plazajuarez.mx\/historico\/wp-json\/wp\/v2\/tags?post=92237"}],"curies":[{"name":"wp","href":"https:\/\/api.w.org\/{rel}","templated":true}]}}