{"id":92236,"date":"2019-10-09T12:50:45","date_gmt":"2019-10-09T12:50:45","guid":{"rendered":"http:\/\/plazajuarez.mx\/index\/index.php\/2019\/10\/09\/nada-nuevo-sobre-el-accidente-de-martha-erika\/"},"modified":"2019-10-09T12:50:45","modified_gmt":"2019-10-09T12:50:45","slug":"nada-nuevo-sobre-el-accidente-de-martha-erika","status":"publish","type":"post","link":"https:\/\/plazajuarez.mx\/historico\/nada-nuevo-sobre-el-accidente-de-martha-erika\/","title":{"rendered":"\u201cNada nuevo sobre el accidente de Martha \u00c9rika\u201d"},"content":{"rendered":"<p>\u00a0\u00a0\u00a0 \u2022\u00a0\u00a0 \u00a0Asegura el presidente nacional del PAN, Marko Cort\u00e9s\u2028<\/p>\n<p>  <!--more-->  <\/p>\n<p>Dijo que la informaci\u00f3n que present\u00f3 ayer el titular de la SCT, Javier Jim\u00e9nez Espri\u00fa, no tiene nada de novedoso, \u201ces una burla\u201d<br \/>Agencia El Universal.- &#8220;Nuevamente el @GobiernoMX se burla de los mexicanos al presentar un nuevo &#8220;informe&#8221; que no dice nada sobre un hecho doloroso, como fue el desplome del helic\u00f3ptero en el que murieron la gob. Martha \u00c9rika Alonso, el sen. Rafael Moreno Valle y otras 3 personas hace ya m\u00e1s de 9 meses&#8221;, escribi\u00f3 el presidente nacional del PAN, Marko Cort\u00e9s.<br \/>ALISTAN PRIMER INFORME POR ACCIDENTE DE MARTHA \u00c9RIKA <br \/>Ser\u00e1 el 25 de octubre cuando la comisi\u00f3n que investiga el accidente en el que fallecieron la gobernadora de Puebla Martha \u00c9rika Alonso y su esposo, el senador Rafael Moreno Valle, entregue su primer informe de los hechos. <br \/>En la conferencia de prensa matutina del presidente, el titular de la Secretar\u00eda de Comunicaciones y Transportes, Javier Jim\u00e9nez Espri\u00fa dio a conocer que este ser\u00e1 un primer reporte y esper\u00f3 que para el mes de noviembre dicha comisi\u00f3n especial tenga un reporte final del accidente. <br \/>&#8220;Con esa informaci\u00f3n que se tiene de las bit\u00e1coras del helic\u00f3ptero, antecedentes de circulaci\u00f3n se reunir\u00e1 todo el grupo para publicar el informe final. Se iniciar\u00e1 a partir de la publicaci\u00f3n del informe. Creemos que razonablemente para el mes de noviembre tendremos el informe final del accidente&#8221;, dijo. <\/p>\n","protected":false},"excerpt":{"rendered":"<p>\u00a0\u00a0\u00a0 \u2022\u00a0\u00a0 \u00a0Asegura el presidente nacional del PAN, Marko Cort\u00e9s\u2028<\/p>\n","protected":false},"author":93,"featured_media":0,"comment_status":"open","ping_status":"open","sticky":false,"template":"","format":"standard","meta":{"footnotes":""},"categories":[36],"tags":[],"class_list":["post-92236","post","type-post","status-publish","format-standard","hentry","category-nacion"],"_links":{"self":[{"href":"https:\/\/plazajuarez.mx\/historico\/wp-json\/wp\/v2\/posts\/92236","targetHints":{"allow":["GET"]}}],"collection":[{"href":"https:\/\/plazajuarez.mx\/historico\/wp-json\/wp\/v2\/posts"}],"about":[{"href":"https:\/\/plazajuarez.mx\/historico\/wp-json\/wp\/v2\/types\/post"}],"author":[{"embeddable":true,"href":"https:\/\/plazajuarez.mx\/historico\/wp-json\/wp\/v2\/users\/93"}],"replies":[{"embeddable":true,"href":"https:\/\/plazajuarez.mx\/historico\/wp-json\/wp\/v2\/comments?post=92236"}],"version-history":[{"count":0,"href":"https:\/\/plazajuarez.mx\/historico\/wp-json\/wp\/v2\/posts\/92236\/revisions"}],"wp:attachment":[{"href":"https:\/\/plazajuarez.mx\/historico\/wp-json\/wp\/v2\/media?parent=92236"}],"wp:term":[{"taxonomy":"category","embeddable":true,"href":"https:\/\/plazajuarez.mx\/historico\/wp-json\/wp\/v2\/categories?post=92236"},{"taxonomy":"post_tag","embeddable":true,"href":"https:\/\/plazajuarez.mx\/historico\/wp-json\/wp\/v2\/tags?post=92236"}],"curies":[{"name":"wp","href":"https:\/\/api.w.org\/{rel}","templated":true}]}}