{"id":92212,"date":"2019-10-09T12:50:12","date_gmt":"2019-10-09T12:50:12","guid":{"rendered":"http:\/\/plazajuarez.mx\/index\/index.php\/2019\/10\/09\/para-que-sirven-los-periodistas\/"},"modified":"2019-10-09T12:50:12","modified_gmt":"2019-10-09T12:50:12","slug":"para-que-sirven-los-periodistas","status":"publish","type":"post","link":"https:\/\/plazajuarez.mx\/historico\/para-que-sirven-los-periodistas\/","title":{"rendered":"\u00bfPara qu\u00e9 sirven los periodistas?"},"content":{"rendered":"<p>Retrato Hereje<br \/>\u00a0\u00a0\u00a0 \u2022\u00a0\u00a0 \u00a0El informe anual de la SIP refiri\u00f3 que una misi\u00f3n de editores internacionales visit\u00f3 M\u00e9xico 9 y 10 de septiembre para subrayar la alarma existente sobre el n\u00famero de periodistas asesinados en el pa\u00eds\u2028<\/p>\n<p>  <!--more-->  <\/p>\n<p>Si usted no tiene una respuesta para esta pregunta, d\u00e9 vuelta a la p\u00e1gina o brinque a otro click en su computadora o dispositivo electr\u00f3nico. Es muy probable que se ubique entre los 4 de cada 10 mexicanos a quienes no importa si vivimos o no en democracia.<br \/>El periodismo no es ya (o no debe serlo) un canal para entregarnos informaci\u00f3n masiva, la que ya recibimos (m\u00e1s cuantiosa que nunca) por redes sociales y otras m\u00faltiples v\u00edas, pero sin contexto para su comprensi\u00f3n, lo que provoca que esos contenidos nos sean in\u00fatiles, incluso para pensar, pues solo nos entretienen.<br \/>Durante d\u00e9cadas hemos cre\u00eddo temer que alguien censure o suprima los libros, los peri\u00f3dicos o proh\u00edba las noticias sobre el mal desempe\u00f1o de nuestros gobernantes. Que nos despoje de la libertad para entender y participar. Pero nos acercamos a la posibilidad de que libros, peri\u00f3dicos y noticias est\u00e9n ah\u00ed, pero que la mayor\u00eda simplemente no los busque porque no le interese cambiar su realidad; que tenga libertades formales que no pueda ejercer, ahogadas en un mar de trivialidad.<br \/>Quiz\u00e1 ya nos hallamos frente a ese escenario. Ello explicar\u00eda que a pocos inquiete aqu\u00ed que M\u00e9xico sea el pa\u00eds del mundo en el que mayor n\u00famero de periodistas est\u00e1n siendo asesinados, incluso m\u00e1s que en naciones en guerra. Suman 12 este a\u00f1o. En todo el continente americano solo nos siguen Brasil y Colombia, con dos en cada caso en 2019. O Hait\u00ed y Honduras, con uno. Y llevamos varios a\u00f1os con este ritmo, seg\u00fan alert\u00f3 el pasado fin de semana la Sociedad Interamericana de Prensa (SIP), en su asamblea general que reuni\u00f3 en Miami a cientos de directivos de medios de comunicaci\u00f3n.<br \/>Durante ese encuentro del principal organismo gremial defensor de la libertad de expresi\u00f3n en el hemisferio, el analista y autor Andr\u00e9s Oppenheimer adelant\u00f3 los resultados de la encuesta &#8220;Bar\u00f3metro de las Am\u00e9ricas&#8221;, que ser\u00e1 publicada la pr\u00f3xima semana. El estudio arroja el m\u00e1s bajo respaldo social hacia la democracia en esta regi\u00f3n en los \u00faltimos 15 a\u00f1os, desde que fue instituido. De un total de 20 pa\u00edses estudiados, M\u00e9xico se halla en quinto lugar en materia de apoyo ciudadano a la democracia. Lo anteceden Uruguay, Costa Rica, Argentina y Chile.<br \/>El informe anual de la SIP refiri\u00f3 que una misi\u00f3n de editores internacionales visit\u00f3 M\u00e9xico 9 y 10 de septiembre para subrayar la alarma existente sobre el n\u00famero de periodistas asesinados en el pa\u00eds. Esta misi\u00f3n busc\u00f3, infructuosamente, reunirse con el presidente L\u00f3pez Obrador. S\u00ed pudo llevar a cabo encuentros con otros funcionarios del gobierno federal, con el gobernador Cuitl\u00e1huac Garc\u00eda, de Veracruz (el estado m\u00e1s letal para el ejercicio del periodismo); con legisladores y el presidente de la Comisi\u00f3n Nacional de Derechos Humanos.<br \/>Durante su presencia en M\u00e9xico, la misi\u00f3n de editores visitantes tom\u00f3 nota de que L\u00f3pez Obrador acumula ya m\u00e1s de 200 conferencias de prensa, o &#8220;ma\u00f1aneras&#8221;, pero en ninguna de ellas ha emitido comentario alguno o expresado solidaridad con las familias de los 13 periodistas victimados desde el inicio de su gobierno, en diciembre pasado.<br \/>En este contexto, cobran especial relevancia los pasos iniciales que un grupo de medios de comunicaci\u00f3n mexicanos, incluido EL UNIVERSAL, ha comenzado a emprender para contar con una estrategia, permanente y sustentable, para enfrentar los ataques contra periodistas y medios de comunicaci\u00f3n, sea que provengan de grupos criminales, sea que hayan sido ordenados desde la pol\u00edtica o los escritorios de agentes del Estado. Lo har\u00e1n con las herramientas que les son propias (investigaci\u00f3n, acceso a fuentes judiciales, publicaci\u00f3n de noticias con perspectiva, entrenamiento profesional).<br \/>Este esfuerzo, que replica iniciativas en naciones como Colombia, apuesta a que funcione el sistema de procuraci\u00f3n y administraci\u00f3n de justicia atendiendo el vac\u00edo que, a base de negligencia e impunidad, ha ido construyendo por a\u00f1os en este campo.<br \/>Ser\u00e1 un aporte que mandar\u00e1 un poderoso mensaje en favor de la responsabilidad y la credibilidad de los medios de comunicaci\u00f3n. En buena hora la sociedad podr\u00eda acompa\u00f1ar este esfuerzo en favor de la justicia y del trabajo de los periodistas, el cual consiste en velar por la verdadera vigencia de las libertades ciudadanas, en particular el vital derecho a saber. Sin duda ello abonar\u00eda a difundir la buena nueva de que a todos nos va mejor cuando trabajamos juntos para defender la democracia.<\/p>\n","protected":false},"excerpt":{"rendered":"<p>Retrato Hereje\u00a0\u00a0\u00a0 \u2022\u00a0\u00a0 \u00a0El informe anual de la SIP refiri\u00f3 que una misi\u00f3n de editores internacionales visit\u00f3 M\u00e9xico 9 y 10 de septiembre para subrayar la alarma existente sobre el n\u00famero de periodistas asesinados en el pa\u00eds\u2028<\/p>\n","protected":false},"author":93,"featured_media":0,"comment_status":"open","ping_status":"open","sticky":false,"template":"","format":"standard","meta":{"footnotes":""},"categories":[42],"tags":[],"class_list":["post-92212","post","type-post","status-publish","format-standard","hentry","category-nuestrapalabra"],"_links":{"self":[{"href":"https:\/\/plazajuarez.mx\/historico\/wp-json\/wp\/v2\/posts\/92212","targetHints":{"allow":["GET"]}}],"collection":[{"href":"https:\/\/plazajuarez.mx\/historico\/wp-json\/wp\/v2\/posts"}],"about":[{"href":"https:\/\/plazajuarez.mx\/historico\/wp-json\/wp\/v2\/types\/post"}],"author":[{"embeddable":true,"href":"https:\/\/plazajuarez.mx\/historico\/wp-json\/wp\/v2\/users\/93"}],"replies":[{"embeddable":true,"href":"https:\/\/plazajuarez.mx\/historico\/wp-json\/wp\/v2\/comments?post=92212"}],"version-history":[{"count":0,"href":"https:\/\/plazajuarez.mx\/historico\/wp-json\/wp\/v2\/posts\/92212\/revisions"}],"wp:attachment":[{"href":"https:\/\/plazajuarez.mx\/historico\/wp-json\/wp\/v2\/media?parent=92212"}],"wp:term":[{"taxonomy":"category","embeddable":true,"href":"https:\/\/plazajuarez.mx\/historico\/wp-json\/wp\/v2\/categories?post=92212"},{"taxonomy":"post_tag","embeddable":true,"href":"https:\/\/plazajuarez.mx\/historico\/wp-json\/wp\/v2\/tags?post=92212"}],"curies":[{"name":"wp","href":"https:\/\/api.w.org\/{rel}","templated":true}]}}