{"id":92137,"date":"2019-10-07T16:47:04","date_gmt":"2019-10-07T16:47:04","guid":{"rendered":"http:\/\/plazajuarez.mx\/index\/index.php\/2019\/10\/07\/cenizas-de-jose-jose-llegan-el-miercoles-a-mexico\/"},"modified":"2019-10-07T16:47:04","modified_gmt":"2019-10-07T16:47:04","slug":"cenizas-de-jose-jose-llegan-el-miercoles-a-mexico","status":"publish","type":"post","link":"https:\/\/plazajuarez.mx\/historico\/cenizas-de-jose-jose-llegan-el-miercoles-a-mexico\/","title":{"rendered":"Cenizas de Jos\u00e9 Jos\u00e9 llegan el mi\u00e9rcoles a M\u00e9xico"},"content":{"rendered":"<p>Habr\u00e1 un homenaje, posiblemente en Palacio de Bellas Artes.\u00a0<\/p>\n<p>  <!--more-->  <\/p>\n<p>La Presidencia de la Rep\u00fablica confirm\u00f3 este lunes que la mitad de las cenizas del cantante Jos\u00e9 Jos\u00e9 llegar\u00e1n este mi\u00e9rcoles a M\u00e9xico, y donde ese mismo d\u00eda y el jueves se realizar\u00e1n homenajes, cuya sede podr\u00eda ser en el Palacio de Bellas Artes.<\/p>\n<p>La instituci\u00f3n asegur\u00f3 que existe un acuerdo firmado entre el c\u00f3nsul de M\u00e9xico en Miami, Jonathan Chait, y la familia de Jos\u00e9 Jos\u00e9 para que la mitad de las cenizas del int\u00e9rprete lleguen este mi\u00e9rcoles por la ma\u00f1ana a la Ciudad de M\u00e9xico y donde tambi\u00e9n se acord\u00f3 hacer dos homenajes.<\/p>\n<p>Presidencia detall\u00f3 que es la Secretar\u00eda de Cultura (SC) la dependencia que est\u00e1 realizando los trabajos para el homenaje de &#8220;El Pr\u00edncipe de la Canci\u00f3n&#8221;.<\/p>\n<p>Por su parte el cantante Jos\u00e9 Joel confirm\u00f3 que la cremaci\u00f3n del cuerpo de su padre, el mexicano Jos\u00e9 Jos\u00e9, fue pospuesto por 48 horas gracias a un recurso legal, luego que ayer domingo hicieran un velorio en la ciudad de Miami.<\/p>\n<p>En el informe el hijo de la exmodelo Anel Nore\u00f1a sostuvo que dicha acci\u00f3n se logr\u00f3 por el trabajo del equipo de abogados y amigos que lo est\u00e1n apoyando a \u00e9l y a su hermana Marysol Sosa, luego que hace m\u00e1s de una semana llegaran a la urbe estadounidense tras un llamado que les hizo su media hermana Sara Sosa.<\/p>\n<p>Sarita Sosa dijo ayer domingo a Univisi\u00f3n que la decisi\u00f3n de &#8220;El Pr\u00edncipe de la Canci\u00f3n&#8221; fue que lo cremaran y una mitad de su coraz\u00f3n estuviera en M\u00e9xico y otra en Miami, esto porque la primera ciudad lo vio nacer y crecer mientras la segunda lo ayud\u00f3 a renacer y salir de las adicciones.<\/p>\n<p>Desde ayer domingo trascendi\u00f3 que se interpondr\u00eda un recurso llamado Medida precautoria de no incineraci\u00f3n, adem\u00e1s que se realizar\u00eda una autopsia ante los desacuerdos entre los hermanos.<\/p>\n<p>Con la publicaci\u00f3n de Jos\u00e9 Joel se ha confirmado que el recurso procedi\u00f3 y que se abri\u00f3 un tiempo de espera para realizar la cremaci\u00f3n de los restos de Jos\u00e9 Jos\u00e9.<\/p>\n","protected":false},"excerpt":{"rendered":"<p>Habr\u00e1 un homenaje, posiblemente en Palacio de Bellas Artes.\u00a0<\/p>\n","protected":false},"author":6,"featured_media":0,"comment_status":"open","ping_status":"open","sticky":false,"template":"","format":"standard","meta":{"footnotes":""},"categories":[38],"tags":[],"class_list":["post-92137","post","type-post","status-publish","format-standard","hentry","category-show"],"_links":{"self":[{"href":"https:\/\/plazajuarez.mx\/historico\/wp-json\/wp\/v2\/posts\/92137","targetHints":{"allow":["GET"]}}],"collection":[{"href":"https:\/\/plazajuarez.mx\/historico\/wp-json\/wp\/v2\/posts"}],"about":[{"href":"https:\/\/plazajuarez.mx\/historico\/wp-json\/wp\/v2\/types\/post"}],"author":[{"embeddable":true,"href":"https:\/\/plazajuarez.mx\/historico\/wp-json\/wp\/v2\/users\/6"}],"replies":[{"embeddable":true,"href":"https:\/\/plazajuarez.mx\/historico\/wp-json\/wp\/v2\/comments?post=92137"}],"version-history":[{"count":0,"href":"https:\/\/plazajuarez.mx\/historico\/wp-json\/wp\/v2\/posts\/92137\/revisions"}],"wp:attachment":[{"href":"https:\/\/plazajuarez.mx\/historico\/wp-json\/wp\/v2\/media?parent=92137"}],"wp:term":[{"taxonomy":"category","embeddable":true,"href":"https:\/\/plazajuarez.mx\/historico\/wp-json\/wp\/v2\/categories?post=92137"},{"taxonomy":"post_tag","embeddable":true,"href":"https:\/\/plazajuarez.mx\/historico\/wp-json\/wp\/v2\/tags?post=92137"}],"curies":[{"name":"wp","href":"https:\/\/api.w.org\/{rel}","templated":true}]}}