{"id":92134,"date":"2019-10-07T15:08:12","date_gmt":"2019-10-07T15:08:12","guid":{"rendered":"http:\/\/plazajuarez.mx\/index\/index.php\/2019\/10\/07\/cae-vehiculo-al-rio-con-5-jovenes-a-bordo-uno-perdio-la-vida\/"},"modified":"2019-10-07T15:08:12","modified_gmt":"2019-10-07T15:08:12","slug":"cae-vehiculo-al-rio-con-5-jovenes-a-bordo-uno-perdio-la-vida","status":"publish","type":"post","link":"https:\/\/plazajuarez.mx\/historico\/cae-vehiculo-al-rio-con-5-jovenes-a-bordo-uno-perdio-la-vida\/","title":{"rendered":"Cae veh\u00edculo al r\u00edo con 5 j\u00f3venes a bordo; uno perdi\u00f3 la vida"},"content":{"rendered":"<p>Se inform\u00f3 que el veh\u00edculo qued\u00f3 al 90 por ciento sumergido en el agua, pero que afortunadamente cuatro de los ocupantes lograron salir.<\/p>\n<p>  <!--more-->  <\/p>\n<p>En Tezontepec de Aldama, en la colonia San Juan del r\u00edo en el lugar conocido como El Cangrejito, cay\u00f3 al r\u00edo un veh\u00edculo en el que viajaban cinco personas de las cuales una perdi\u00f3 la vida ahogada, mientras que las otras cuatro fueron trasladadas al hospital.<\/p>\n<p>La polic\u00eda municipal de Tezontepec de Aldama recibi\u00f3 el reporte sobre la salida de camino de un veh\u00edculo marca Chevrolet Captiva a la altura de la calle 5 de Mayo, esquina con 16 de Septiembre, lo que provoc\u00f3 que cayera al r\u00edo a la altura del \u00e1rea de las lanchas.<\/p>\n<p>Se inform\u00f3 que el veh\u00edculo qued\u00f3 al 90 por ciento sumergido en el agua, pero que afortunadamente cuatro de los ocupantes lograron salir.<\/p>\n<p>Las personas lesionadas entre ellas dos femeninas fueron identificadas como\u00a0\u00a0\u00a0N.C.G. de 18 a\u00f1os vecina de Huitel; Y.H.M. de 19 a\u00f1os de la comunidad de Ignacio Zaragoza en Tula.<\/p>\n<p>As\u00ed como dos masculinos identificados como\u00a0\u00a0J.L.F. de 24 a\u00f1os de edad\u00a0\u00a0y el menor de 16 a\u00f1os C.S.F.G. ambos vecinos de Achichilco en Tezontepec de Aldama.<\/p>\n<p>Las cuatro personal lesionadas fueron trasladadas al hospital de Cinta Larga y su estado de salud se reporta estable.<\/p>\n<p>La persona que perdi\u00f3 la vida\u00a0\u00a0fue una femenina identificada como J.L.H.P. de 18 a\u00f1os, era originaria de la comunidad de Bojay en Atitalaquia.<\/p>\n<p>De los hechos tomaron conocimiento elementos de Protecci\u00f3n Civil, Cruz Roja y de las corporaciones policiacas, as\u00ed como el Ministerio P\u00fablico quienes dieron inicio a la carpeta de investigaci\u00f3n, tras la muerte de la joven.<\/p>\n","protected":false},"excerpt":{"rendered":"<p>Se inform\u00f3 que el veh\u00edculo qued\u00f3 al 90 por ciento sumergido en el agua, pero que afortunadamente cuatro de los ocupantes lograron salir.<\/p>\n","protected":false},"author":6,"featured_media":0,"comment_status":"open","ping_status":"open","sticky":false,"template":"","format":"standard","meta":{"footnotes":""},"categories":[40],"tags":[],"class_list":["post-92134","post","type-post","status-publish","format-standard","hentry","category-region"],"_links":{"self":[{"href":"https:\/\/plazajuarez.mx\/historico\/wp-json\/wp\/v2\/posts\/92134","targetHints":{"allow":["GET"]}}],"collection":[{"href":"https:\/\/plazajuarez.mx\/historico\/wp-json\/wp\/v2\/posts"}],"about":[{"href":"https:\/\/plazajuarez.mx\/historico\/wp-json\/wp\/v2\/types\/post"}],"author":[{"embeddable":true,"href":"https:\/\/plazajuarez.mx\/historico\/wp-json\/wp\/v2\/users\/6"}],"replies":[{"embeddable":true,"href":"https:\/\/plazajuarez.mx\/historico\/wp-json\/wp\/v2\/comments?post=92134"}],"version-history":[{"count":0,"href":"https:\/\/plazajuarez.mx\/historico\/wp-json\/wp\/v2\/posts\/92134\/revisions"}],"wp:attachment":[{"href":"https:\/\/plazajuarez.mx\/historico\/wp-json\/wp\/v2\/media?parent=92134"}],"wp:term":[{"taxonomy":"category","embeddable":true,"href":"https:\/\/plazajuarez.mx\/historico\/wp-json\/wp\/v2\/categories?post=92134"},{"taxonomy":"post_tag","embeddable":true,"href":"https:\/\/plazajuarez.mx\/historico\/wp-json\/wp\/v2\/tags?post=92134"}],"curies":[{"name":"wp","href":"https:\/\/api.w.org\/{rel}","templated":true}]}}