{"id":92133,"date":"2019-10-07T14:30:18","date_gmt":"2019-10-07T14:30:18","guid":{"rendered":"http:\/\/plazajuarez.mx\/index\/index.php\/2019\/10\/07\/pitbull-ataca-a-nino-de-5-anos\/"},"modified":"2019-10-07T14:30:18","modified_gmt":"2019-10-07T14:30:18","slug":"pitbull-ataca-a-nino-de-5-anos","status":"publish","type":"post","link":"https:\/\/plazajuarez.mx\/historico\/pitbull-ataca-a-nino-de-5-anos\/","title":{"rendered":"Pitbull ataca a ni\u00f1o de 5 a\u00f1os"},"content":{"rendered":"<p>SONORA\u00a0<\/p>\n<p>  <!--more-->  <\/p>\n<p>Un ni\u00f1o de cinco a\u00f1os de edad sufri\u00f3 escalpe (levantamiento del cuero cabelludo) secundario a mordedura de un perro de raza pitbull en Hermosillo; autoridades de salud lo diagnostican estable.<\/p>\n<p>De acuerdo al reporte de la Direcci\u00f3n de Seguridad P\u00fablica Municipal de Hermosillo, a las 19:40 horas del s\u00e1bado 5 de octubre, se solicit\u00f3 auxilio en un domicilio ubicado en las calles La Colorada, entre General Pi\u00f1a y H\u00e9roes de Caborca, debido a que un menor hab\u00eda sido herido por mordedura de can.<br \/>Al llegar al sitio, los oficiales hablaron con un hombre de 54 a\u00f1os de edad quien dijo ser abuelo del ni\u00f1o agredido.<\/p>\n<p>Inform\u00f3 que al abrirse el port\u00f3n de un domicilio se sali\u00f3 un perro de la raza Pitbull, el cual mordi\u00f3 a su nieto de cinco a\u00f1os de edad.<\/p>\n<p>El peque\u00f1o fue trasladado de inmediato al Hospital Infantil del Estado de Sonora (HIES), donde se le realiz\u00f3 un aseo quir\u00fargico; adem\u00e1s se le aplicaron vacunas de antitet\u00e1nica, antirr\u00e1bica y dosis de inmunoglobulina en lesiones.<\/p>\n<p>Se dio aviso del caso legal al Ministerio P\u00fablico. Al hospital acudi\u00f3 la due\u00f1a del animal.<\/p>\n","protected":false},"excerpt":{"rendered":"<p>SONORA\u00a0<\/p>\n","protected":false},"author":6,"featured_media":0,"comment_status":"open","ping_status":"open","sticky":false,"template":"","format":"standard","meta":{"footnotes":""},"categories":[37],"tags":[],"class_list":["post-92133","post","type-post","status-publish","format-standard","hentry","category-barandilla"],"_links":{"self":[{"href":"https:\/\/plazajuarez.mx\/historico\/wp-json\/wp\/v2\/posts\/92133","targetHints":{"allow":["GET"]}}],"collection":[{"href":"https:\/\/plazajuarez.mx\/historico\/wp-json\/wp\/v2\/posts"}],"about":[{"href":"https:\/\/plazajuarez.mx\/historico\/wp-json\/wp\/v2\/types\/post"}],"author":[{"embeddable":true,"href":"https:\/\/plazajuarez.mx\/historico\/wp-json\/wp\/v2\/users\/6"}],"replies":[{"embeddable":true,"href":"https:\/\/plazajuarez.mx\/historico\/wp-json\/wp\/v2\/comments?post=92133"}],"version-history":[{"count":0,"href":"https:\/\/plazajuarez.mx\/historico\/wp-json\/wp\/v2\/posts\/92133\/revisions"}],"wp:attachment":[{"href":"https:\/\/plazajuarez.mx\/historico\/wp-json\/wp\/v2\/media?parent=92133"}],"wp:term":[{"taxonomy":"category","embeddable":true,"href":"https:\/\/plazajuarez.mx\/historico\/wp-json\/wp\/v2\/categories?post=92133"},{"taxonomy":"post_tag","embeddable":true,"href":"https:\/\/plazajuarez.mx\/historico\/wp-json\/wp\/v2\/tags?post=92133"}],"curies":[{"name":"wp","href":"https:\/\/api.w.org\/{rel}","templated":true}]}}