{"id":92132,"date":"2019-10-07T14:22:10","date_gmt":"2019-10-07T14:22:10","guid":{"rendered":"http:\/\/plazajuarez.mx\/index\/index.php\/2019\/10\/07\/taxistas-preparan-marcha-en-la-cdmx\/"},"modified":"2019-10-07T14:22:10","modified_gmt":"2019-10-07T14:22:10","slug":"taxistas-preparan-marcha-en-la-cdmx","status":"publish","type":"post","link":"https:\/\/plazajuarez.mx\/historico\/taxistas-preparan-marcha-en-la-cdmx\/","title":{"rendered":"Taxistas paralizan la CDMX"},"content":{"rendered":"<p>CDMX pide a Segob abrir di\u00e1logo con taxistas de los estados<\/p>\n<p>  <!--more-->  <\/p>\n<p>El gobierno de la Ciudad de M\u00e9xico solicit\u00f3 a la Secretar\u00eda de Gobernaci\u00f3n (Segob) que abra una mesa de di\u00e1logo con los taxistas de otras entidades del pa\u00eds ya que consideran que deber\u00edan realizar sus protestas en sus propios estados.<\/p>\n<p>Lo anterior, debido a la movilizaci\u00f3n de un grupo de taxistas en toda la CDMX; en dicha mesa estar\u00edan presentes, por parte del Gobierno de la Ciudad, la secretaria de Gobierno, Rosa Icela Rodr\u00edguez.<br \/>&#8220;Conminamos a los manifestantes a que atiendan la mesa de negociaci\u00f3n con la Secretar\u00eda de Gobernaci\u00f3n y que sea mediante el di\u00e1logo como sus demandas sean atendidas&#8221;, indic\u00f3 en un comunicado de prensa.<\/p>\n<p>Cabe mencionar que cerca de mil 300 taxistas del Movimiento Nacional de Taxistas (MNT) salieron desde las 5:00 de la ma\u00f1ana para manifestarse en el \u00c1ngel de la Independencia contra las aplicaciones m\u00f3viles de transporte, una de solicitudes es que sean atendidos por el Gobierno federal.<\/p>\n<p>En ese sentido, el Gobierno capitalino reiter\u00f3 que ha realizado en los \u00faltimos tres meses m\u00e1s de 20 reuniones con diferentes liderazgos del Movimiento Nacional Taxista, a trav\u00e9s de distintos funcionarios de la Secretar\u00eda de Movilidad, incluido el titular de la dependencia.<\/p>\n<p>Adem\u00e1s que la Secretar\u00eda de Movilidad ha tomado varias medidas para acabar con la corrupci\u00f3n en diversos tr\u00e1mites relacionados con concesiones de taxis; como es la digitalizaci\u00f3n de la Revista y con ello el cierre de los centros El Coyol y La Virgen.<\/p>\n<p>&#8220;Adem\u00e1s ya est\u00e1 disponible la primera fase de una aplicaci\u00f3n telef\u00f3nica gratuita para taxistas en la Ciudad de M\u00e9xico la cual estar\u00e1 lista a finales de este a\u00f1o, con la finalidad de cerrar la brecha entre los servicios de aplicaci\u00f3n y las concesiones de taxis&#8221;.<\/p>\n<p>Abund\u00f3 que la mesa de di\u00e1logo con trabajadores del volante siempre ha estado abierta pero &#8220;no puede regresarse a pr\u00e1cticas opacas que benefician a unos cuantos y que afectan a la mayor\u00eda de los taxistas y a sus usuarios&#8221;.<\/p>\n<p><strong>Taxistas se manifiestan dentro del aeropuerto<\/strong><\/p>\n<p>Por otro lado, cerca de 50 taxistas que operan en las inmediaciones del aeropuerto capitalino protestan dentro de esas instalaciones, los inconformes se\u00f1alan que no cerrar\u00e1n ninguna de las arterias para no entorpecer el tr\u00e1fico vehicular ni afectar a los miles de usuarios que deben tomar un vuelo.<\/p>\n<p>La protesta inici\u00f3 en la Puerta-2 hasta llegar al acceso n\u00famero 9, de ah\u00ed explicaron que har\u00e1n un mitin en la Puerta-6 en el cual, dar\u00e1n a conocer el porqu\u00e9 de su inconformidad contra los servicios de plataforma como UBER, CABIFY o DIDI.<\/p>\n<p>La protesta provoc\u00f3 molestia a los usuarios del aeropuerto, varios de ellos se vieron obligados a llegar desde la madrugada para no perder su vuelo, lo que calificaron de injusto para la gente trabajadora.<\/p>\n<p>&#8220;Es incre\u00edble esto, yo tengo un vuelo a las 14:00 horas, pero estoy aqu\u00ed desde las cinco de la ma\u00f1ana, todo porque no queremos un mal servicio como el de los taxis tradicionales, as\u00ed no se vale&#8221;, coment\u00f3 Carmen Ruiz, quien viajar\u00e1 a Chiapas.<\/p>\n<p>Los taxistas inconformes explicaron que luego del mitin, regresaran a dar el servicio normal, al tiempo que advierten que no permitir\u00e1n que ning\u00fan taxi de plataforma se acerque al aeropuerto a prestar sus servicios.<\/p>\n","protected":false},"excerpt":{"rendered":"<p>CDMX pide a Segob abrir di\u00e1logo con taxistas de los estados<\/p>\n","protected":false},"author":6,"featured_media":0,"comment_status":"open","ping_status":"open","sticky":false,"template":"","format":"standard","meta":{"footnotes":""},"categories":[36],"tags":[],"class_list":["post-92132","post","type-post","status-publish","format-standard","hentry","category-nacion"],"_links":{"self":[{"href":"https:\/\/plazajuarez.mx\/historico\/wp-json\/wp\/v2\/posts\/92132","targetHints":{"allow":["GET"]}}],"collection":[{"href":"https:\/\/plazajuarez.mx\/historico\/wp-json\/wp\/v2\/posts"}],"about":[{"href":"https:\/\/plazajuarez.mx\/historico\/wp-json\/wp\/v2\/types\/post"}],"author":[{"embeddable":true,"href":"https:\/\/plazajuarez.mx\/historico\/wp-json\/wp\/v2\/users\/6"}],"replies":[{"embeddable":true,"href":"https:\/\/plazajuarez.mx\/historico\/wp-json\/wp\/v2\/comments?post=92132"}],"version-history":[{"count":0,"href":"https:\/\/plazajuarez.mx\/historico\/wp-json\/wp\/v2\/posts\/92132\/revisions"}],"wp:attachment":[{"href":"https:\/\/plazajuarez.mx\/historico\/wp-json\/wp\/v2\/media?parent=92132"}],"wp:term":[{"taxonomy":"category","embeddable":true,"href":"https:\/\/plazajuarez.mx\/historico\/wp-json\/wp\/v2\/categories?post=92132"},{"taxonomy":"post_tag","embeddable":true,"href":"https:\/\/plazajuarez.mx\/historico\/wp-json\/wp\/v2\/tags?post=92132"}],"curies":[{"name":"wp","href":"https:\/\/api.w.org\/{rel}","templated":true}]}}