{"id":92128,"date":"2019-10-07T12:26:42","date_gmt":"2019-10-07T12:26:42","guid":{"rendered":"http:\/\/plazajuarez.mx\/index\/index.php\/2019\/10\/07\/polvo-eres-y-en-polvo-te-convertiras-2\/"},"modified":"2019-10-07T12:26:42","modified_gmt":"2019-10-07T12:26:42","slug":"polvo-eres-y-en-polvo-te-convertiras-2","status":"publish","type":"post","link":"https:\/\/plazajuarez.mx\/historico\/polvo-eres-y-en-polvo-te-convertiras-2\/","title":{"rendered":"POLVO ERES Y EN POLVO TE CONVERTIR\u00c1S"},"content":{"rendered":"<p>FAMILIA POL\u00cdTICA <\/p>\n<p>\u201cDalila: de todos los pueblos de Hidalgo,<br \/>el tuyo es el m\u00e1s polvoriento\u201d.<br \/>Carlos Mu\u00f1iz.<\/p>\n<p>  <!--more-->  <\/p>\n<p>Como arrancada de un libro de Juan Rulfo, sobrevive la realidad de mi pueblo en pleno Siglo XXI. Aunque muy diferente a aqu\u00e9l donde vi la luz primera, a mediados del S. XX, mantiene su esencia de viento y remolino; sed ancestral en los campos, que se cultivan m\u00e1s por la fuerza de la costumbre, que por la esperanza de una pr\u00f3diga cosecha: nopales, magueyes, mezquites, cardones y otras hierbas de clima semides\u00e9rtico, forman parte, junto con su fauna de reptiles y peque\u00f1os roedores, de un paisaje que, por cotidiano, a nadie que haya nacido ah\u00ed, asombra para nada.<\/p>\n<p>Como en todo el pa\u00eds, durante el agrarismo posrevolucionario, los grandes latifundios que constitu\u00edan las haciendas se fragmentaron en parcelas y tierras comunales, de las cuales el gobierno dot\u00f3 de tierras a los originarios de pueblos y comunidades que, poco a poco delinearon el perfil de los municipios y \u00e9stos, de las entidades federativas.<\/p>\n<p>En su novela La Nube Est\u00e9ril, el portugu\u00e9s Antonio Rodr\u00edguez afirma que, para librarse de la amenaza constante de los guerreros aztecas, el pueblo H\u00f1ah\u00f1u decidi\u00f3 remontarse al inmenso valle y a las cimas, donde la topograf\u00eda sui generis de la Sierra Madre Oriental impide el paso de las nubes pre\u00f1adas y transforma en p\u00e1ramo sombr\u00edo toda la extensa tierra de mis ancestros. Poca o ninguna ambici\u00f3n despertaba en los potenciales depredadores imperialistas.<\/p>\n<p>Mucho tiempo despu\u00e9s, la Revoluci\u00f3n Mexicana con sus ideales libertarios, inculc\u00f3 en los abuelos una ideolog\u00eda que se conjugaba en el binomio \u201cDemocracia y Justicia Social\u201d, as\u00ed, en los peque\u00f1os pueblos se lograba la unidad en torno a la construcci\u00f3n de peque\u00f1as obras, de alta significaci\u00f3n colectiva: un kiosco, una cancha, una escuela, una iglesia\u2026 El trabajo propicia la fraternidad, aleja los enfrentamientos y hace que el concepto de comunidad, se acerque a la definici\u00f3n de los soci\u00f3logos: \u201cconjunto de personas que viven juntas bajo ciertas reglas o que tienen los mismos intereses, valores y principios\u201d.<\/p>\n<p>En aquel tiempo, las peque\u00f1as parcelas (entre dos y cinco hect\u00e1reas) produc\u00edan lo suficiente para el autoconsumo; para permitir la sobrevivencia de una familia mexicana tipo. Cada a\u00f1o se renovaba la esperanza: \u201cahora s\u00ed, la cosecha ser\u00e1 abundante\u201d. <\/p>\n<p>Compartir aquella realidad con mi padre y mi madre, fue la mejor herencia que de ellos recib\u00ed; me permiti\u00f3 comprender y querer a esa gente esforzada, noble, a la cual las carencias y las ideolog\u00edas llenan, en ocasiones, de veneno y sentimiento muy parecido al odio; afortunadamente transitorios. Puede m\u00e1s el sentido de pertenencia al grupo, que la hostilidad que generan los colores partidistas.<\/p>\n<p>Durante la etapa inicial de nuestra existencia, equivalente a la educaci\u00f3n primaria; la conciencia de clase a\u00fan no penetra mucho m\u00e1s all\u00e1 de la piel. Como dijera Don Alberto Cort\u00e9s: \u201cLuego fue tiempo de estudios, con regresos a menudo, pero con plena conciencia; que iniciaba un largo viaje, s\u00f3lo de ida el pasaje y as\u00ed me gan\u00f3 la ausencia\u201d. La formaci\u00f3n acad\u00e9mica, el ejercicio profesional, los peque\u00f1os \u00e9xitos que se escalonan para llevar al protagonista de la vida propia por diferentes senderos, a veces con la firme creencia de que jam\u00e1s regresar\u00e1 al sitio de su querencia natural. El amor a la tierra y el inter\u00e9s de la sobrevivencia, pocas veces caminan por la misma senda; todo es cuesti\u00f3n de circunstancia.<\/p>\n<p>El ser humano no pierde sus ra\u00edces, las lleva consigo a donde quiera que va y tarde o temprano, a la menor provocaci\u00f3n, regresa a donde las dej\u00f3 profundamente clavadas. En mi caso se conjuntaron varias circunstancias: mi jubilaci\u00f3n, el desempleo de mi hijo mayor (cuya vocaci\u00f3n es el campo y los animales) y el \u00e9xito de varios promotores que, dentro y fuera del gobierno, de manera absolutamente desinteresada, lograron conseguir un pozo para beneficiar sesenta hect\u00e1reas para beneficiar a otros tantos ejidatarios. Al mirar esas luchas, no se puede menos que unirse a los esfuerzos de personas como mi compadre Gumesindo \u00c1ngeles y su comit\u00e9; de la mism\u00edsima Presidente Municipal, Licenciada Dalila L\u00f3pez Santiago y de luchadores sociales que, en otros pueblos como el m\u00edo, est\u00e1n logrando la haza\u00f1a de producir especies que ni en sue\u00f1os imagin\u00e1bamos (br\u00f3coli, por ejemplo). <\/p>\n<p>Todo esto es ya una realidad. El jueves estuvimos en una reuni\u00f3n con el Secretario de Agricultura del Gobierno del Estado, Lic. Carlos Mu\u00f1iz, para arrancar la construcci\u00f3n de una olla de captaci\u00f3n y distribuci\u00f3n de agua, para gastar lo m\u00ednimo posible en electricidad (a\u00fan bajo subsidio) y regar por gravedad. Ante la distribuci\u00f3n del terreno, la temperatura del agua y otros factores, el Secretario y su equipo generaron la idea de sembrar peces, como una actividad econ\u00f3mica complementaria. Debo decir que la gente, en su totalidad, aplaudi\u00f3 la buena disposici\u00f3n del funcionario, quien hizo un llamado a olvidar las discordias, los pleitos y los colores, para unirse en torno al trabajo. Record\u00f3 que si no existe un s\u00f3lido v\u00ednculo de confianza, basta la voz disidente de un \u201ccabr\u00f3n\u201d para echar a perder una asamblea con todos sus beneficios.<\/p>\n<p>En esta reuni\u00f3n de aproximadamente 150 personas, reafirm\u00e9 mi reencuentro con varias generaciones: mi madre fue maestra de, por lo menos tres y yo, de otras tantas. As\u00ed, reconocido por abuelos, padres y\/o nietos, acompa\u00f1amos a Dalila, Mu\u00f1iz, visitantes de los otros pozos y algunos m\u00e1s, a observar la siembra de ajo, con la cual ya comenzamos de manera experimental; despu\u00e9s, a una riqu\u00edsima barbacoa campirana, a la sombre de un mezquite.<\/p>\n<p>Ahora, mi presencia ya es discreta, mi hijo Erick preside el comit\u00e9 de obra en compa\u00f1\u00eda de los descendientes de quienes fueron mis alumnos. Esto es el relevo generacional, aunque al mismo tiempo, afirmaci\u00f3n de la b\u00edblica sentencia \u201cPolvo eres y en polvo te convertir\u00e1s\u201d.<\/p>\n","protected":false},"excerpt":{"rendered":"<p>FAMILIA POL\u00cdTICA \u201cDalila: de todos los pueblos de Hidalgo,el tuyo es el m\u00e1s polvoriento\u201d.Carlos Mu\u00f1iz.<\/p>\n","protected":false},"author":93,"featured_media":0,"comment_status":"open","ping_status":"open","sticky":false,"template":"","format":"standard","meta":{"footnotes":""},"categories":[50],"tags":[],"class_list":["post-92128","post","type-post","status-publish","format-standard","hentry","category-prisciliano-gutierrez"],"_links":{"self":[{"href":"https:\/\/plazajuarez.mx\/historico\/wp-json\/wp\/v2\/posts\/92128","targetHints":{"allow":["GET"]}}],"collection":[{"href":"https:\/\/plazajuarez.mx\/historico\/wp-json\/wp\/v2\/posts"}],"about":[{"href":"https:\/\/plazajuarez.mx\/historico\/wp-json\/wp\/v2\/types\/post"}],"author":[{"embeddable":true,"href":"https:\/\/plazajuarez.mx\/historico\/wp-json\/wp\/v2\/users\/93"}],"replies":[{"embeddable":true,"href":"https:\/\/plazajuarez.mx\/historico\/wp-json\/wp\/v2\/comments?post=92128"}],"version-history":[{"count":0,"href":"https:\/\/plazajuarez.mx\/historico\/wp-json\/wp\/v2\/posts\/92128\/revisions"}],"wp:attachment":[{"href":"https:\/\/plazajuarez.mx\/historico\/wp-json\/wp\/v2\/media?parent=92128"}],"wp:term":[{"taxonomy":"category","embeddable":true,"href":"https:\/\/plazajuarez.mx\/historico\/wp-json\/wp\/v2\/categories?post=92128"},{"taxonomy":"post_tag","embeddable":true,"href":"https:\/\/plazajuarez.mx\/historico\/wp-json\/wp\/v2\/tags?post=92128"}],"curies":[{"name":"wp","href":"https:\/\/api.w.org\/{rel}","templated":true}]}}