{"id":92127,"date":"2019-10-07T12:26:42","date_gmt":"2019-10-07T12:26:42","guid":{"rendered":"http:\/\/plazajuarez.mx\/index\/index.php\/2019\/10\/07\/alfil-negro-1620\/"},"modified":"2019-10-07T12:26:42","modified_gmt":"2019-10-07T12:26:42","slug":"alfil-negro-1620","status":"publish","type":"post","link":"https:\/\/plazajuarez.mx\/historico\/alfil-negro-1620\/","title":{"rendered":"ALFIL NEGRO"},"content":{"rendered":"<p>LEY DEL ABORTO<br \/>En estos\u00a0 d\u00edas, el Congreso del estado dictaminar\u00e1 la Ley Sobre la despenalizaci\u00f3n del aborto antes de las doce semanas, primero y de acuerdo a lo que se informa desde el Congreso se analizar\u00e1 y fijar\u00e1 un dictamen\u00a0 en las comisiones conjuntas de Seguridad Ciudadana y Justicia y la de Legislaci\u00f3n y Puntos<\/p>\n<p>  <!--more-->  <\/p>\n<p>Constitucionales y en su caso, si se aprueba en Comisiones, pasar\u00eda al pleno para ser aprobada y convertirse en ley en la entidad o en su caso, ser rechazada.<br \/>No es un asunto menor, ni debiera medirse s\u00f3lo con los ojos de su impacto,en la posible respuesta de quienes forman opini\u00f3n en las dos posturas, que si bien deben contar como fuentes de consulta, ser\u00eda muy pobre una resoluci\u00f3n nacida s\u00f3lo como respuesta a las opiniones sobre el s\u00ed o sobre el no para evitar las cr\u00edticas o condenas de quienes hacen de la manifestaci\u00f3n o los gritos un camino de expresar lo que se piensa y pide a los legisladores, pero que no pueden ser la raz\u00f3n m\u00e1s fuerte para la decisi\u00f3n de este caso.<br \/>Lamentable ser\u00eda que los legisladores decidieran privilegiando criterios pol\u00edticos o moda y dieran su voto para ganarse el calificativo de modernos, o ser los que llevaron a Hidalgo a ser el tercero en tener esta ley despu\u00e9s de Oaxaca y la Ciudad de M\u00e9xico.<br \/>Se supone que el tema est\u00e1 discutido ya en la sociedad con la participaci\u00f3n de grupos, especialistas, religiones y ciudadan\u00eda en general y que estas participaciones contar\u00e1n para decidir.<br \/>Eso se supone<br \/>No parece correcto que se decidiera solo para hacer eco a lo que es postura de partido pol\u00edtico y menos si se quiere convertir la resoluci\u00f3n en acto electoral para ganar la voluntad en urnas futuras.<br \/>En nuestro estado dos partidos pol\u00edticos han fijado su posici\u00f3n de manera clara: Morena a favor de despenalizar el aborto y el PAN en contra y algunos diputados a t\u00edtulo personal han marcado ya su decisi\u00f3n.<br \/>Quiere decir que no hay unanimidad en cuanto a esta propuesta y que el asunto ha provocado divisi\u00f3n entre los legisladores.<br \/>Y eso es bueno, porque quiere decir que en un tema tan delicado los representantes populares parecen actuar de acuerdo a su responsabilidades social y personal, y al parecer como expresi\u00f3n de sus valores personales sobre conceptos tan importantes como son la vida, la muerte y los derechos que tienen todos, independientemente de que sean hombres, mujeres, ni\u00f1os o ancianos.<br \/>Las manifestaciones grupales deben contar, pero no convertirse en argumento principal en que se deje de lado la discusi\u00f3n razonada, en que los argumentos sean los que den orden y decidan, sin que los gritos sean los que manden o se presenten como un argumento final , no es cuesti\u00f3n de decibeles sino de justicia y de respeto a los derechos humanos.<br \/>Faltan unos d\u00edas para que esta legislatura ,la 64, decida sobre el aborto.<br \/>Que nuestros diputados tengan el sentido com\u00fan de legislar lo mejor para las mujeres, los ni\u00f1os y la sociedad y dejen fuera del Congreso intereses de grupos, pol\u00edticos y comercio de imagen por cuestiones electorales,as\u00ed como los gritos y consignas que pueden enrarecer las decisiones, pero no decidirlas .<br \/>En todo caso no es falso afirmar que un camino es camino en los mil kil\u00f3metros\u00a0 que tenga o en un cent\u00edmetro del mismo.<br \/>As\u00ed, la vida&#8230;<\/p>\n","protected":false},"excerpt":{"rendered":"<p>LEY DEL ABORTOEn estos\u00a0 d\u00edas, el Congreso del estado dictaminar\u00e1 la Ley Sobre la despenalizaci\u00f3n del aborto antes de las doce semanas, primero y de acuerdo a lo que se informa desde el Congreso se analizar\u00e1 y fijar\u00e1 un dictamen\u00a0 en las comisiones conjuntas de Seguridad Ciudadana y Justicia y la de Legislaci\u00f3n y Puntos<\/p>\n","protected":false},"author":93,"featured_media":0,"comment_status":"open","ping_status":"open","sticky":false,"template":"","format":"standard","meta":{"footnotes":""},"categories":[48],"tags":[],"class_list":["post-92127","post","type-post","status-publish","format-standard","hentry","category-adalberto-peralta"],"_links":{"self":[{"href":"https:\/\/plazajuarez.mx\/historico\/wp-json\/wp\/v2\/posts\/92127","targetHints":{"allow":["GET"]}}],"collection":[{"href":"https:\/\/plazajuarez.mx\/historico\/wp-json\/wp\/v2\/posts"}],"about":[{"href":"https:\/\/plazajuarez.mx\/historico\/wp-json\/wp\/v2\/types\/post"}],"author":[{"embeddable":true,"href":"https:\/\/plazajuarez.mx\/historico\/wp-json\/wp\/v2\/users\/93"}],"replies":[{"embeddable":true,"href":"https:\/\/plazajuarez.mx\/historico\/wp-json\/wp\/v2\/comments?post=92127"}],"version-history":[{"count":0,"href":"https:\/\/plazajuarez.mx\/historico\/wp-json\/wp\/v2\/posts\/92127\/revisions"}],"wp:attachment":[{"href":"https:\/\/plazajuarez.mx\/historico\/wp-json\/wp\/v2\/media?parent=92127"}],"wp:term":[{"taxonomy":"category","embeddable":true,"href":"https:\/\/plazajuarez.mx\/historico\/wp-json\/wp\/v2\/categories?post=92127"},{"taxonomy":"post_tag","embeddable":true,"href":"https:\/\/plazajuarez.mx\/historico\/wp-json\/wp\/v2\/tags?post=92127"}],"curies":[{"name":"wp","href":"https:\/\/api.w.org\/{rel}","templated":true}]}}