{"id":92126,"date":"2019-10-07T12:12:28","date_gmt":"2019-10-07T12:12:28","guid":{"rendered":"http:\/\/plazajuarez.mx\/index\/index.php\/2019\/10\/07\/placido-domingo-reaparece-y-anuncia-concierto-por-60-anos-de-carrera\/"},"modified":"2019-10-07T12:12:28","modified_gmt":"2019-10-07T12:12:28","slug":"placido-domingo-reaparece-y-anuncia-concierto-por-60-anos-de-carrera","status":"publish","type":"post","link":"https:\/\/plazajuarez.mx\/historico\/placido-domingo-reaparece-y-anuncia-concierto-por-60-anos-de-carrera\/","title":{"rendered":"Pl\u00e1cido Domingo reaparece y anuncia concierto por 60 a\u00f1os de carrera"},"content":{"rendered":"<p>Mediante un video <br \/>\u00a0\u00a0 \u00a0\u2022\u00a0\u00a0 \u00a0El tenor espa\u00f1ol anuncia que celebrar\u00e1 en M\u00e9xico los 60 a\u00f1os de su debut en el Palacio de Bellas Artes, con una nueva presentaci\u00f3n\u2028<\/p>\n<p>  <!--more-->  <\/p>\n<p>El tenor espa\u00f1ol Pl\u00e1cido Domingo vendr\u00e1 a M\u00e9xico pr\u00f3ximamente para celebrar los 60 a\u00f1os de su debut en el Palacio de Bellas Artes, en donde debut\u00f3 en 1959 con el papel de Borsa, de la \u00f3pera Rigoletto, de Verdi. As\u00ed lo anunci\u00f3 a trav\u00e9s de un video en el que agradeci\u00f3 ser reconocido con el Premio Batuta, entregado a diversos m\u00fasicos la noche de este s\u00e1bado en el Centro Cultural Roberto Cantoral. &#8220;Espero que nos veamos pronto, tengo la intenci\u00f3n de realizar un concierto en M\u00e9xico para recordar y celebrar que hace seis d\u00e9cadas debut\u00e9 en el Palacio de Bellas Artes con el Borsa de &#8216;Rigoletto&#8217;, parece que fue ayer, verdaderamente c\u00f3mo se pasa la vida&#8221;, dijo el cantante en el video transmitido en la gala de premiaci\u00f3n.<br \/>Es la primera vez que el tenor aparece fuera de un escenario tras ser acusado en agosto pasado por veinte mujeres de conducta sexual inapropiada, presuntamente ejercida a lo largo de las \u00faltimas tres d\u00e9cadas en diversos teatros. Desde las denuncias Pl\u00e1cido Domingo s\u00f3lo hab\u00eda sido visto en el Festival de Salzburgo en donde recibi\u00f3 una gran ovaci\u00f3n del p\u00fablico tras cantar &#8220;Luisa Miller&#8221;, de Verdi. Recientemente renunci\u00f3 a la direcci\u00f3n art\u00edstica de la \u00d3pera de Los \u00c1ngeles y cancel\u00f3 sus presentaciones en el MET de Nueva York. Adem\u00e1s, las casas de \u00f3pera de San Francisco, Filadelfia y Dallas cancelaron sus presentaciones con el tenor. Su agenda contempla, hasta ahora, continuar con sus compromisos en Europa. El pr\u00f3ximo 13 de octubre se presentar\u00e1 con la \u00d3pera de Z\u00farich, despu\u00e9s ir\u00e1 la \u00d3pera de Viena y cerrar\u00e1 el a\u00f1o en el Palau de lest Arts en Valencia, el pr\u00f3ximo a\u00f1o tiene contemplado ir a Hamburgo, Berl\u00edn, Madrid, Londres, entre otras ciudades. <\/p>\n","protected":false},"excerpt":{"rendered":"<p>Mediante un video \u00a0\u00a0 \u00a0\u2022\u00a0\u00a0 \u00a0El tenor espa\u00f1ol anuncia que celebrar\u00e1 en M\u00e9xico los 60 a\u00f1os de su debut en el Palacio de Bellas Artes, con una nueva presentaci\u00f3n\u2028<\/p>\n","protected":false},"author":93,"featured_media":0,"comment_status":"open","ping_status":"open","sticky":false,"template":"","format":"standard","meta":{"footnotes":""},"categories":[41],"tags":[],"class_list":["post-92126","post","type-post","status-publish","format-standard","hentry","category-arteria-cultural"],"_links":{"self":[{"href":"https:\/\/plazajuarez.mx\/historico\/wp-json\/wp\/v2\/posts\/92126","targetHints":{"allow":["GET"]}}],"collection":[{"href":"https:\/\/plazajuarez.mx\/historico\/wp-json\/wp\/v2\/posts"}],"about":[{"href":"https:\/\/plazajuarez.mx\/historico\/wp-json\/wp\/v2\/types\/post"}],"author":[{"embeddable":true,"href":"https:\/\/plazajuarez.mx\/historico\/wp-json\/wp\/v2\/users\/93"}],"replies":[{"embeddable":true,"href":"https:\/\/plazajuarez.mx\/historico\/wp-json\/wp\/v2\/comments?post=92126"}],"version-history":[{"count":0,"href":"https:\/\/plazajuarez.mx\/historico\/wp-json\/wp\/v2\/posts\/92126\/revisions"}],"wp:attachment":[{"href":"https:\/\/plazajuarez.mx\/historico\/wp-json\/wp\/v2\/media?parent=92126"}],"wp:term":[{"taxonomy":"category","embeddable":true,"href":"https:\/\/plazajuarez.mx\/historico\/wp-json\/wp\/v2\/categories?post=92126"},{"taxonomy":"post_tag","embeddable":true,"href":"https:\/\/plazajuarez.mx\/historico\/wp-json\/wp\/v2\/tags?post=92126"}],"curies":[{"name":"wp","href":"https:\/\/api.w.org\/{rel}","templated":true}]}}