{"id":92124,"date":"2019-10-07T12:11:48","date_gmt":"2019-10-07T12:11:48","guid":{"rendered":"http:\/\/plazajuarez.mx\/index\/index.php\/2019\/10\/07\/el-principe-y-la-maquina-de-los-suenos\/"},"modified":"2019-10-07T12:11:48","modified_gmt":"2019-10-07T12:11:48","slug":"el-principe-y-la-maquina-de-los-suenos","status":"publish","type":"post","link":"https:\/\/plazajuarez.mx\/historico\/el-principe-y-la-maquina-de-los-suenos\/","title":{"rendered":"El Pr\u00edncipe y la m\u00e1quina de los sue\u00f1os"},"content":{"rendered":"<p>Conciencia Ciudadana <\/p>\n<p>  <!--more-->  <\/p>\n<p>Ya en plena decadencia, la industria del entretenimiento electr\u00f3nico, recurre a sus viejas estrategias para captar y mantener la atenci\u00f3n de una audiencia a la baja, aunque a\u00fan mayoritaria; pues son las clases populares a quienes aquella dirige su programaci\u00f3n siguiendo el apotegma del antiguo due\u00f1o de Televisa, Emilio Azc\u00e1rraga Milmo -autodenominado \u201csoldado del PRI\u201d\u00a0 quien, en un momento de sinceridad, declar\u00f3 que \u201cM\u00e9xico es un pa\u00eds de una clase modesta muy jodida\u2026 que no va a salir de jodida. Para la televisi\u00f3n es una obligaci\u00f3n llevar diversi\u00f3n a esa gente y sacarla de su triste realidad y de su futuro dif\u00edcil\u2026 pues los ricos como yo (continu\u00f3), no somos clientes, porque los ricos no compran ni madres\u201d (100293), agregando que: \u201cNuestro mercado en este pa\u00eds es muy claro: la clase media popular. La clase exquisita, muy respetable, puede leer libros o Proceso para ver qu\u00e9 dicen de Televisa\u2026 Estos pueden hacer muchas cosas que los diviertan, pero la clase modesta, que es una clase fabulosa y digna, no tiene otra manera de vivir o tener acceso a la distracci\u00f3n m\u00e1s que la televisi\u00f3n\u201d.<\/p>\n<p>A tono con tal ideolog\u00eda, los medios de comunicaci\u00f3n comercial conquistaron\u00a0 la preferencia de sus teleaudiencias por \u201clas estrellas de la pantalla chica\u201d como bautiz\u00f3 a sus artistas; cuyos integrantes sol\u00edan provenir de cuna humilde o cuando m\u00e1s clase-mediera; alejados de los intereses sociales y de cualquier rasgo cultural que los distinguieran de la supuesta simplicidad y bonhom\u00eda de sus audiencias (\u201clos jodidos\u201d de Azc\u00e1rraga); impedidos para manifestar \u2013a\u00fan teni\u00e9ndola-, cualquier cercan\u00eda\u00a0 a una ilustraci\u00f3n \u201cexquisita\u201d, como despectivamente calificaba dicho empresario a quienes le\u00edan libros o intentaban mantenerse cr\u00edticamente informados, que los hiciera sospechosos ante los ojos del r\u00e9gimen priista a los que el empresario serv\u00eda.\u00a0\u00a0<\/p>\n<p>La industria del \u201cestrellato\u201d en M\u00e9xico descubri\u00f3 desde sus primeros tiempos que explotar las tormentosas y disipadas vidas de sus estrellas constitu\u00eda una jugosa veta comercial tan fruct\u00edfera como la producci\u00f3n art\u00edstica misma; pues al mismo tiempo que el respetable p\u00fablico se extasiaba con el virtuosismo art\u00edstico de sus \u00eddolos; gozaba, re\u00eda y sufr\u00eda con los avatares de sus tormentosas existencias;\u00a0 ella incrementaba los dividendos de sus inversiones.<\/p>\n<p>Jos\u00e9 Jos\u00e9, el plebeyo que logr\u00f3 coronarse bajo el mote de \u201cEl Pr\u00edncipe de la Canci\u00f3n\u201d, fue uno de esos personajes cuya vida fue marcada por el perfil esperado por sus mecenas y, sin lugar a dudas, por una buena parte de su teleaudiencia; quien ve\u00eda en la vida y milagros del cantante el reflejo de sus propios deseos y expectativas. Como tantos j\u00f3venes dedicados al arte, Jos\u00e9 Jos\u00e9 fue seducido por la vida bohemia donde aparte de sus adicciones, protagoniz\u00f3 sonados esc\u00e1ndalos sentimentales, explotados estrat\u00e9gicamente no solo por sus patrocinadores, sino por \u00e9l mismo y m\u00e1s tarde, hasta por sus familiares.<\/p>\n<p>Atrapado en el c\u00edrculo demoledor de la industria del entretenimiento y sus valores, el cantante hizo de su vida personal el motivo de su obra art\u00edstica. Sus canciones y pel\u00edculas\u00a0 refriteaban una y otra vez sus fracasos sentimentales, matrimonios mal habidos vicios, desavenencias familiares, recuperaciones y reca\u00eddas adictivas. M\u00e1s all\u00e1 de su limitado drama personal, poco se supo de \u00e9l: si alguna vez alberg\u00f3 alguna inquietud social, pol\u00edtica o cultural;\u00a0 lo que ley\u00f3 y\u00a0 sus gustos art\u00edsticos\u00a0 o las ideas y movimientos pol\u00edticos o sociales que llamaron su atenci\u00f3n o influyeron en su persona. Nunca se le vio entregarse ni dar su opini\u00f3n sobre alguna causa social\u00a0 y, en ese sentido fue, como la mayor parte de sus compa\u00f1eros del mundillo del estrellato, fiel a las recomendaciones de sus\u00a0 patrones no solo en su arte, sino en su propia manera de ser y, finalmente, hasta en la forma de terminar su existencia. Una l\u00e1stima, pero as\u00ed fue\u00a0 modelado su propio destino; con lo que\u00a0 otros decidieron hacer de \u00e9l, tal vez hasta sin caer en la cuenta de formar parte de una enga\u00f1osa m\u00e1quina de sue\u00f1os que termin\u00f3 igual que a tantos otros, devor\u00e1ndolo sin misericordia.\u00a0<\/p>\n<p>\u00a0\u00a0 <br \/>Y RECUERDEN QUE VIVOS SE LOS LLEVARON Y VIVOS LOS QUEREMOS CON NOSOTROS.<\/p>\n","protected":false},"excerpt":{"rendered":"<p>Conciencia Ciudadana<\/p>\n","protected":false},"author":93,"featured_media":0,"comment_status":"open","ping_status":"open","sticky":false,"template":"","format":"standard","meta":{"footnotes":""},"categories":[42],"tags":[],"class_list":["post-92124","post","type-post","status-publish","format-standard","hentry","category-nuestrapalabra"],"_links":{"self":[{"href":"https:\/\/plazajuarez.mx\/historico\/wp-json\/wp\/v2\/posts\/92124","targetHints":{"allow":["GET"]}}],"collection":[{"href":"https:\/\/plazajuarez.mx\/historico\/wp-json\/wp\/v2\/posts"}],"about":[{"href":"https:\/\/plazajuarez.mx\/historico\/wp-json\/wp\/v2\/types\/post"}],"author":[{"embeddable":true,"href":"https:\/\/plazajuarez.mx\/historico\/wp-json\/wp\/v2\/users\/93"}],"replies":[{"embeddable":true,"href":"https:\/\/plazajuarez.mx\/historico\/wp-json\/wp\/v2\/comments?post=92124"}],"version-history":[{"count":0,"href":"https:\/\/plazajuarez.mx\/historico\/wp-json\/wp\/v2\/posts\/92124\/revisions"}],"wp:attachment":[{"href":"https:\/\/plazajuarez.mx\/historico\/wp-json\/wp\/v2\/media?parent=92124"}],"wp:term":[{"taxonomy":"category","embeddable":true,"href":"https:\/\/plazajuarez.mx\/historico\/wp-json\/wp\/v2\/categories?post=92124"},{"taxonomy":"post_tag","embeddable":true,"href":"https:\/\/plazajuarez.mx\/historico\/wp-json\/wp\/v2\/tags?post=92124"}],"curies":[{"name":"wp","href":"https:\/\/api.w.org\/{rel}","templated":true}]}}