{"id":91936,"date":"2019-10-03T14:02:47","date_gmt":"2019-10-03T14:02:47","guid":{"rendered":"http:\/\/plazajuarez.mx\/index\/index.php\/2019\/10\/03\/no-se-expuso-a-trabajadores-de-cdmx-que-fueron-cinturones-de-paz\/"},"modified":"2019-10-03T14:02:47","modified_gmt":"2019-10-03T14:02:47","slug":"no-se-expuso-a-trabajadores-de-cdmx-que-fueron-cinturones-de-paz","status":"publish","type":"post","link":"https:\/\/plazajuarez.mx\/historico\/no-se-expuso-a-trabajadores-de-cdmx-que-fueron-cinturones-de-paz\/","title":{"rendered":"&#8220;No se expuso a trabajadores de CDMX que fueron &#8216;cinturones de paz'&#8221;"},"content":{"rendered":"<p>En Palacio Nacional el titular del Ejecutivo federal, afirm\u00f3 que no se expuso a los m\u00e1s de 12 mil trabajadores de la Ciudad de M\u00e9xico que participaron en los &#8220;cinturones de paz&#8221;. <!--more--> <\/p>\n<p> El presidente Andr\u00e9s Manuel L\u00f3pez Obrador agradeci\u00f3 a los ciudadanos y trabajadores del gobierno de la Ciudad de M\u00e9xico que ayer participaron en la marcha por el 51 aniversario de los hechos del 2 de octubre del 68 por haber ayudado a que no se registraron acciones violentas como hab\u00eda ocurrido en las \u00faltimas manifestaciones en la capital de la Rep\u00fablica.<\/p>\n<p>  En Palacio Nacional el titular del Ejecutivo federal, afirm\u00f3 que no se expuso a los m\u00e1s de 12 mil trabajadores de la Ciudad de M\u00e9xico que participaron en los &#8220;cinturones de paz&#8221; porque, se\u00f1al\u00f3, \u00e9stos no iban a responder a provocaciones e indic\u00f3 que los heridos que se registraron en la protesta no fue &#8220;nada de gravedad&#8221;.<\/p>\n<p>  &#8220;Agradecer a los ciudadanos por el buen comportamiento del d\u00eda de ayer en la marcha de la manifestaci\u00f3n para no olvidar el 2 de octubre la represi\u00f3n del 2 de octubre de 1968, agradecerle a los ciudadanos, ayudaron mucho para evitar violencia&#8221;.<\/p>\n<p>  &#8220;Hubieron desde luego, algunos hechos, pero no como la vez pasada. Nos ayud\u00f3 mucho los ciudadanos, por eso les agradecemos, les mandamos un abrazo afectuoso, a los que todos los de blanco hicieron estos cordones de paz y evitaron actos violentos. Tambi\u00e9n a la agente que no estaba de blanco pero estaba en la calle en actividades y ante estos hechos ayudaron mucho.<\/p>\n<p>  &#8220;En fin, la gente ayudo much\u00edsimos, y fue un plan conducido por la jefa de Gobierno de la Ciudad de M\u00e9xico, con el apoyo del gobierno federal y de todos&#8221;.<\/p>\n<p>  Ante la pregunta de si acusar\u00e1 a los manifestantes violentes con sus mam\u00e1s y abuelitos como ayer hab\u00eda advertido, L\u00f3pez Obrador respondi\u00f3:<\/p>\n<p>  &#8220;Vamos a ver, pero si eso ayuda porque la mama, los pap\u00e1s, los abuelitos, abuelitas ayudan mucho . Claro que ayuda la familia, es que muchas veces no se sabe en la familia que est\u00e1n haciendo los j\u00f3venes, y cuando se enteran ayudan, nada m\u00e1s que lo vamos a dejar as\u00ed por ahora&#8221;.<\/p>\n<p>  Se\u00f1al\u00f3 que no se expuso a los funcionarios p\u00fablicos de la Ciudad de M\u00e9xico que participaron en los &#8220;cinturones de paz&#8221; en la manifestaci\u00f3n y se\u00f1al\u00f3 que los heridos que hubo no tienen lesiones graves.<\/p>\n<p>  &#8220;No se expuso (a los trabajadores), porque nadie iba a responder a una provocaci\u00f3n (\u2026) Nada de gravedad en los heridos&#8221;.<\/p>\n<p>  L\u00f3pez Obrador se\u00f1al\u00f3 que ante las cr\u00edticas que hay sobre el actuar del gobierno federal en estas manifestaciones manifest\u00f3 que &#8220;\u00bfpor qu\u00e9 no se revisa lo que pas\u00f3 el a\u00f1o pasado y los otros a\u00f1os? Pero si nos guiamos por lo que opinen nuestros adversarios, en particulares los conservadores, no les va a gustar nada. Sin embargo, yo tengo otros datos y tengo la informaci\u00f3n, les puedo decir que salieron muy bien las cosas.<\/p>\n<p>  &#8220;Nuestros adversarios se frotan las manos, pero siempre se quedan con las ganas. Les da ansias, no pueden. Imag\u00ednense, \u00bfqu\u00e9 seriedad puede haber en un planteamiento que supone un riesgo para quienes de blanco buscan que no haya violencia? Esos mismos si en vez de ciudadanos vestidos de blanco fuesen granaderos, \u00bfqu\u00e9 dir\u00edan? \u00bfY si hubieran golpeados a los manifestantes? Dir\u00edan represores&#8221;.<\/p>\n<p>\n","protected":false},"excerpt":{"rendered":"<p>En Palacio Nacional el titular del Ejecutivo federal, afirm\u00f3 que no se expuso a los m\u00e1s de 12 mil trabajadores de la Ciudad de M\u00e9xico que participaron en los &#8220;cinturones de paz&#8221;.<\/p>\n","protected":false},"author":6,"featured_media":0,"comment_status":"open","ping_status":"open","sticky":false,"template":"","format":"standard","meta":{"footnotes":""},"categories":[36],"tags":[],"class_list":["post-91936","post","type-post","status-publish","format-standard","hentry","category-nacion"],"_links":{"self":[{"href":"https:\/\/plazajuarez.mx\/historico\/wp-json\/wp\/v2\/posts\/91936","targetHints":{"allow":["GET"]}}],"collection":[{"href":"https:\/\/plazajuarez.mx\/historico\/wp-json\/wp\/v2\/posts"}],"about":[{"href":"https:\/\/plazajuarez.mx\/historico\/wp-json\/wp\/v2\/types\/post"}],"author":[{"embeddable":true,"href":"https:\/\/plazajuarez.mx\/historico\/wp-json\/wp\/v2\/users\/6"}],"replies":[{"embeddable":true,"href":"https:\/\/plazajuarez.mx\/historico\/wp-json\/wp\/v2\/comments?post=91936"}],"version-history":[{"count":0,"href":"https:\/\/plazajuarez.mx\/historico\/wp-json\/wp\/v2\/posts\/91936\/revisions"}],"wp:attachment":[{"href":"https:\/\/plazajuarez.mx\/historico\/wp-json\/wp\/v2\/media?parent=91936"}],"wp:term":[{"taxonomy":"category","embeddable":true,"href":"https:\/\/plazajuarez.mx\/historico\/wp-json\/wp\/v2\/categories?post=91936"},{"taxonomy":"post_tag","embeddable":true,"href":"https:\/\/plazajuarez.mx\/historico\/wp-json\/wp\/v2\/tags?post=91936"}],"curies":[{"name":"wp","href":"https:\/\/api.w.org\/{rel}","templated":true}]}}