{"id":91935,"date":"2019-10-03T12:13:43","date_gmt":"2019-10-03T12:13:43","guid":{"rendered":"http:\/\/plazajuarez.mx\/index\/index.php\/2019\/10\/03\/la-historia-de-mexico-esta-de-luto-con-su-perdida-dicen-por-muerte-de-leon-portilla\/"},"modified":"2019-10-03T12:13:43","modified_gmt":"2019-10-03T12:13:43","slug":"la-historia-de-mexico-esta-de-luto-con-su-perdida-dicen-por-muerte-de-leon-portilla","status":"publish","type":"post","link":"https:\/\/plazajuarez.mx\/historico\/la-historia-de-mexico-esta-de-luto-con-su-perdida-dicen-por-muerte-de-leon-portilla\/","title":{"rendered":"\u201cLa Historia de M\u00e9xico est\u00e1 de luto con su p\u00e9rdida\u201d, dicen por muerte de L\u00e9on-Portilla"},"content":{"rendered":"<p>SENSIBLE P\u00c9RDIDA <br \/>\u00a0\u00a0 \u00a0\u2022\u00a0\u00a0 \u00a0El historiador Alfredo L\u00f3pez Austin consider\u00f3 que la obra de Miguel Le\u00f3n-Portilla abri\u00f3 nuevos caminos en la investigaci\u00f3n de la historia antigua\u2028<\/p>\n<p>  <!--more-->  <\/p>\n<p>Historiadores y arque\u00f3logos lamentaron la muerte de Miguel L\u00e9on-Portilla, a quien consideraron como uno de los m\u00e1s grandes historiadores de M\u00e9xico, y coincidieron en que sus luchas por las sociedades originarias, la formaci\u00f3n de generaciones de historiadores, su trabajo para la declaratoria de zonas arqueol\u00f3gicas como patrimonios mundiales de la humanidad, y su amplia bibliograf\u00eda son parte fundamental del legado que deja.<br \/>El historiador Alfredo L\u00f3pez Austin consider\u00f3 que la obra de Miguel Le\u00f3n-Portilla abri\u00f3 nuevos caminos en la investigaci\u00f3n de la historia antigua de nuestro pueblo y que su b\u00fasqueda fue principalmente en las bases del pensamiento de los habitantes del centro de lo que hoy es M\u00e9xico. \u201cY fund\u00f3 su pesquisa en el minucioso an\u00e1lisis de los textos en lengua n\u00e1huatl. Como fruto de la obra de Miguel Le\u00f3n-Portilla se han desarrollado m\u00faltiples v\u00edas de aproximaci\u00f3n del pasado y, como consecuencia, muchas luchas por el digno aprecio a sociedades que han sido relegadas o vituperadas hasta el presente\u201d, dijo en entrevista.<br \/>Por su parte, el arque\u00f3logo Leonardo L\u00f3pez Luj\u00e1n indic\u00f3 que Le\u00f3n-Portilla fue un brillante embajador de M\u00e9xico ante la UNESCO y gracias a su h\u00e1bil gesti\u00f3n diplom\u00e1tica y a los expedientes bien conformados que present\u00f3 ante el pleno de dicha organizaci\u00f3n, fueron integrados a la lista de Patrimonio Mundial de la Humanidad los sitios de Teotihuacan, Monte Alb\u00e1n, Palenque, Chich\u00e9n Itz\u00e1 y el Templo Mayor de Tenochtitlan, este \u00faltimo en tanto parte del Centro Hist\u00f3rico de la Ciudad de M\u00e9xico.<br \/>\u201cLos arque\u00f3logos le reconocemos a don Miguel estos nombramientos que no solo implican un enorme privilegio, sino una responsabilidad may\u00fascula para quienes estamos a cargo de la salvaguarda de dichos sitios\u201d, indic\u00f3 L\u00f3pez Luj\u00e1n. <br \/>Su obra escrita es gigantesca y lo es tambi\u00e9n su influencia sobre generaciones de estudiantes y de historiadores. Es un historiador a la altura de los historiadores y grandes cronistas que \u00e9l estudi\u00f3. Fue un maestro deslumbrante que nos hizo apasionarnos por sus temas de estudio. Cuando lo conoc\u00ed en El Colegio de M\u00e9xico nos llamaba la atenci\u00f3n su capacidad de re\u00edr, de inventar frases y chistes elegantes, inteligentes e ir\u00f3nicos, ten\u00eda una enorme alegr\u00eda creativa\u201d, dijo.<br \/>\u201cLe\u00f3n-Portilla siempre convocaba a la reconciliaci\u00f3n a trav\u00e9s del conocimiento&#8221;, dijo la historiadora Mar\u00eda Teresa Franco, exdirectora del INAH, y lo record\u00f3 como un ser humano, intelectual y maestro insustituible: &#8220;Conserv\u00f3 a lo largo de su vida la pasi\u00f3n por la investigaci\u00f3n, el deseo constante de transmitir a los dem\u00e1s, de ayudar a cualquier interesado en la historia de nuestra patria, y adem\u00e1s fue gran conocedor de la historia universal&#8221;. <\/p>\n","protected":false},"excerpt":{"rendered":"<p>SENSIBLE P\u00c9RDIDA \u00a0\u00a0 \u00a0\u2022\u00a0\u00a0 \u00a0El historiador Alfredo L\u00f3pez Austin consider\u00f3 que la obra de Miguel Le\u00f3n-Portilla abri\u00f3 nuevos caminos en la investigaci\u00f3n de la historia antigua\u2028<\/p>\n","protected":false},"author":93,"featured_media":0,"comment_status":"open","ping_status":"open","sticky":false,"template":"","format":"standard","meta":{"footnotes":""},"categories":[41],"tags":[],"class_list":["post-91935","post","type-post","status-publish","format-standard","hentry","category-arteria-cultural"],"_links":{"self":[{"href":"https:\/\/plazajuarez.mx\/historico\/wp-json\/wp\/v2\/posts\/91935","targetHints":{"allow":["GET"]}}],"collection":[{"href":"https:\/\/plazajuarez.mx\/historico\/wp-json\/wp\/v2\/posts"}],"about":[{"href":"https:\/\/plazajuarez.mx\/historico\/wp-json\/wp\/v2\/types\/post"}],"author":[{"embeddable":true,"href":"https:\/\/plazajuarez.mx\/historico\/wp-json\/wp\/v2\/users\/93"}],"replies":[{"embeddable":true,"href":"https:\/\/plazajuarez.mx\/historico\/wp-json\/wp\/v2\/comments?post=91935"}],"version-history":[{"count":0,"href":"https:\/\/plazajuarez.mx\/historico\/wp-json\/wp\/v2\/posts\/91935\/revisions"}],"wp:attachment":[{"href":"https:\/\/plazajuarez.mx\/historico\/wp-json\/wp\/v2\/media?parent=91935"}],"wp:term":[{"taxonomy":"category","embeddable":true,"href":"https:\/\/plazajuarez.mx\/historico\/wp-json\/wp\/v2\/categories?post=91935"},{"taxonomy":"post_tag","embeddable":true,"href":"https:\/\/plazajuarez.mx\/historico\/wp-json\/wp\/v2\/tags?post=91935"}],"curies":[{"name":"wp","href":"https:\/\/api.w.org\/{rel}","templated":true}]}}