{"id":91934,"date":"2019-10-03T12:13:22","date_gmt":"2019-10-03T12:13:22","guid":{"rendered":"http:\/\/plazajuarez.mx\/index\/index.php\/2019\/10\/03\/hay-fortuna-de-jose-jose\/"},"modified":"2019-10-03T12:13:22","modified_gmt":"2019-10-03T12:13:22","slug":"hay-fortuna-de-jose-jose","status":"publish","type":"post","link":"https:\/\/plazajuarez.mx\/historico\/hay-fortuna-de-jose-jose\/","title":{"rendered":"\u00bfHay fortuna de Jos\u00e9 Jos\u00e9?"},"content":{"rendered":"<p>\u00a0\u00a0\u00a0 \u2022\u00a0\u00a0 \u00a0Jos\u00e9 Jos\u00e9 por haber sido s\u00f3lo int\u00e9rprete, las regal\u00edas por su m\u00fasica no son millonarias; sus hijos mayores aseguran que muri\u00f3 intestado\u00a0\u2028<\/p>\n<p>  <!--more-->  <\/p>\n<p>Jos\u00e9 Joel, Marysol y Sara, los tres hijos que deja Jos\u00e9 Jos\u00e9 tras su muerte, se reunieron finalmente y posaron ante la prensa aparentemente reconciliados. Esto, tres d\u00edas de que se confirmara, por parte de la polic\u00eda la muerte del cantante, la incertidumbre acerca del paradero del cuerpo y acusaciones alrededor de la herencia que habr\u00eda dejado el int\u00e9rprete mexicano. <br \/>Acerca de este tema, Jos\u00e9 Joel, el hijo primog\u00e9nito del Pr\u00edncipe de la canci\u00f3n, ha dicho que ni \u00e9l ni su hermana Marysol est\u00e1n reclamando ninguna herencia.<br \/>En 2014, Jos\u00e9 Jos\u00e9 admiti\u00f3 que a\u00f1os antes tuvo que vender su casa y, tras contraer c\u00e1ncer en 2017, los gastos m\u00e9dicos terminaron de fusilar el dinero que Jos\u00e9 Jos\u00e9 hab\u00eda conseguido gracias a su voz. Ante la incertidumbre de si el cantante todav\u00eda conservaba parte de su patrimonio, el pasado febrero se hizo p\u00fablico un audio en el que se escucha a su hija Sara Sosa en una reuni\u00f3n con un notario junto a su padre y la ex representante del cantante, Laura N\u00fa\u00f1ez, en el que se escucha c\u00f3mo la joven habr\u00eda presionado a su padre para firmar un documento que le ced\u00eda las ganancias por su trabajo musical. El cantante, que en 2017 anunci\u00f3 que padec\u00eda c\u00e1ncer de p\u00e1ncreas, lleg\u00f3 a Miami a comienzos de febrero de 2018 para recibir tratamiento y permaneci\u00f3 en Florida al cuidado de su hija menor hasta su muerte, ocurrida el s\u00e1bado 28 de septiembre en un hospital del sur del estado cuyo nombre no se ha facilitado. El \u201cPr\u00edncipe de la canci\u00f3n\u201d, cuya voz privilegiada marc\u00f3 un hito en la cultura popular mexicana y de varios pa\u00edses latinoamericanos, falleci\u00f3 el s\u00e1bado a los 71 a\u00f1os, en un hospital del condado de Miami-Dade. Jos\u00e9 Joel y Marysol Sosa llegaron a Miami desde M\u00e9xico hace tres d\u00edas para poder despedirse de su padre, aunque el viaje se transform\u00f3 en lo que llamaron \u201cuna peregrinaci\u00f3n absurda\u201d por la negativa de su media hermana Sara de revelar d\u00f3nde estaba el cuerpo del int\u00e9rprete. El martes en la noche, los tres hijos aparecieron reconciliados ante la prensa, aunque no informaron sobre el paradero del cuerpo del int\u00e9rprete. \u201cDespu\u00e9s de dialogar y estar junto con la familia, se tom\u00f3 la decisi\u00f3n de estar unidos m\u00e1s que nunca para despedir con el honor que se merece tanto en Miami como en M\u00e9xico al se\u00f1or Jos\u00e9 R\u00f3mulo Sosa Ortiz, conocido y amado a nivel mundial como nuestro pr\u00edncipe de la canci\u00f3n Jos\u00e9 Jos\u00e9\u201d, dijo en un mensaje a medios el c\u00f3nsul de M\u00e9xico en Miami, Jonathan Chait. <\/p>\n","protected":false},"excerpt":{"rendered":"<p>\u00a0\u00a0\u00a0 \u2022\u00a0\u00a0 \u00a0Jos\u00e9 Jos\u00e9 por haber sido s\u00f3lo int\u00e9rprete, las regal\u00edas por su m\u00fasica no son millonarias; sus hijos mayores aseguran que muri\u00f3 intestado\u00a0\u2028<\/p>\n","protected":false},"author":93,"featured_media":0,"comment_status":"open","ping_status":"open","sticky":false,"template":"","format":"standard","meta":{"footnotes":""},"categories":[38],"tags":[],"class_list":["post-91934","post","type-post","status-publish","format-standard","hentry","category-show"],"_links":{"self":[{"href":"https:\/\/plazajuarez.mx\/historico\/wp-json\/wp\/v2\/posts\/91934","targetHints":{"allow":["GET"]}}],"collection":[{"href":"https:\/\/plazajuarez.mx\/historico\/wp-json\/wp\/v2\/posts"}],"about":[{"href":"https:\/\/plazajuarez.mx\/historico\/wp-json\/wp\/v2\/types\/post"}],"author":[{"embeddable":true,"href":"https:\/\/plazajuarez.mx\/historico\/wp-json\/wp\/v2\/users\/93"}],"replies":[{"embeddable":true,"href":"https:\/\/plazajuarez.mx\/historico\/wp-json\/wp\/v2\/comments?post=91934"}],"version-history":[{"count":0,"href":"https:\/\/plazajuarez.mx\/historico\/wp-json\/wp\/v2\/posts\/91934\/revisions"}],"wp:attachment":[{"href":"https:\/\/plazajuarez.mx\/historico\/wp-json\/wp\/v2\/media?parent=91934"}],"wp:term":[{"taxonomy":"category","embeddable":true,"href":"https:\/\/plazajuarez.mx\/historico\/wp-json\/wp\/v2\/categories?post=91934"},{"taxonomy":"post_tag","embeddable":true,"href":"https:\/\/plazajuarez.mx\/historico\/wp-json\/wp\/v2\/tags?post=91934"}],"curies":[{"name":"wp","href":"https:\/\/api.w.org\/{rel}","templated":true}]}}