{"id":9190,"date":"2015-08-09T15:56:17","date_gmt":"2015-08-09T15:56:17","guid":{"rendered":"http:\/\/plazajuarez.mx\/index\/index.php\/2015\/08\/09\/la-habilidad-de-un-ciego\/"},"modified":"2015-08-09T15:56:17","modified_gmt":"2015-08-09T15:56:17","slug":"la-habilidad-de-un-ciego","status":"publish","type":"post","link":"https:\/\/plazajuarez.mx\/historico\/la-habilidad-de-un-ciego\/","title":{"rendered":"La habilidad de un ciego"},"content":{"rendered":"<p>HOMO POLITICUS<\/p>\n<p>  <!--more-->  <\/p>\n<p>S\u00ed existe una situaci\u00f3n lapidaria de la clase pol\u00edtica en M\u00e9xico, es sin duda, la simulaci\u00f3n.<\/p>\n<p>En los entretelones de la simulaci\u00f3n se teje el descredito de la clase pol\u00edtica, promesas incumplidas, monsergas absurdas, nula concreci\u00f3n de plataformas program\u00e1ticas, planes y programas truncos, en fin, todas aquellas realidades que tienen rostro de abandono y hambre de m\u00e1s de 60 millones de mexicanos que nunca ver\u00e1n edificada una vida en lo que civilizatoriamente se llama \u201cdignidad humana\u201d.<\/p>\n<p>Este escenario fragu\u00f3 hist\u00f3ricamente el divorcio entre sociedad pol\u00edtica y sociedad civil, al grado que no nos quitamos elecci\u00f3n tras elecci\u00f3n el fantasma de la autoexclusi\u00f3n o abstencionismo y, lo peor de todo, la p\u00e9rdida de confianza y credibilidad de la ciudadan\u00eda en sus gobernantes.<\/p>\n<p>En estas cosas simuladas y absurdas, la construcci\u00f3n del poder asemeja a la habilidad de un ciego para cruzar una calle. Ahora nos desayunamos con la noticia que Manlio Fabio Beltrones se perfila para dirigir los destinos del tricolor, esto, no causa mayor sorpresa, pero lo que no tiene madre como se\u00f1alan los ni\u00f1os hu\u00e9rfanos en Pachuca, es el hecho que se simule una aparente competencia en torno a esta decisi\u00f3n, decisi\u00f3n que ya est\u00e1 tomada y que lo \u00fanico que provoca es que la ciudadan\u00eda que es espectadora de este suceso pol\u00edtico s\u00f3lo quede perpleja ante la verticalidad del poder y su conformaci\u00f3n simulada.<\/p>\n<p>Un cuestionamiento con el sabor a yogurt de pus, \u00bfno es cierto que este tipo de conducta pol\u00edtica fue lo que erosion\u00f3 y le cost\u00f3 al revolucionario institucional quedar al margen de la silla presidencial 12 a\u00f1os?, y s\u00ed esto constata emp\u00edricamente, \u00bfpor qu\u00e9 el tricolor no ha aprendido de su historia y de la historia pol\u00edtica?<\/p>\n<p>La iron\u00eda de todo esto, es que este disfraz pol\u00edtico se seguir\u00e1 utilizando mientras no haya una reacci\u00f3n ciudadana que impida que la simulaci\u00f3n de la clase pol\u00edtica persista. Hasta ahora todo indica que el Gatopardismo sigue siendo el camino a seguir, lo cual ya deber\u00eda haber provocado una condena de la sociedad civil que hasta ahora se ha aguantado la n\u00e1usea pol\u00edtica, pero, de pasar de la n\u00e1usea al v\u00f3mito, la clase pol\u00edtica tendr\u00eda que cuidarse, porque es fijo que se ba\u00f1ar\u00eda en \u00e9l.<\/p>\n<p>\u00a0<\/p>\n<p>\u00a0<\/p>\n<p>\u00a0<\/p>\n<p>Ahora nos desayunamos con la noticia que Manlio Fabio Beltrones se perfila para dirigir los destinos del tricolor, esto, no causa mayor sorpresa, pero lo que no tiene madre como se\u00f1alan los ni\u00f1os hu\u00e9rfanos en Pachuca, es el hecho que se simule una aparente competencia en torno a esta decisi\u00f3n, decisi\u00f3n que ya est\u00e1 tomada y que lo \u00fanico que provoca es que la ciudadan\u00eda que es espectadora de este suceso pol\u00edtico s\u00f3lo quede perpleja ante la verticalidad del poder y su conformaci\u00f3n simulada.<\/p>\n","protected":false},"excerpt":{"rendered":"<p>HOMO POLITICUS<\/p>\n","protected":false},"author":93,"featured_media":0,"comment_status":"open","ping_status":"open","sticky":false,"template":"","format":"standard","meta":{"footnotes":""},"categories":[57],"tags":[],"class_list":["post-9190","post","type-post","status-publish","format-standard","hentry","category-carlos-barra-moulain"],"_links":{"self":[{"href":"https:\/\/plazajuarez.mx\/historico\/wp-json\/wp\/v2\/posts\/9190","targetHints":{"allow":["GET"]}}],"collection":[{"href":"https:\/\/plazajuarez.mx\/historico\/wp-json\/wp\/v2\/posts"}],"about":[{"href":"https:\/\/plazajuarez.mx\/historico\/wp-json\/wp\/v2\/types\/post"}],"author":[{"embeddable":true,"href":"https:\/\/plazajuarez.mx\/historico\/wp-json\/wp\/v2\/users\/93"}],"replies":[{"embeddable":true,"href":"https:\/\/plazajuarez.mx\/historico\/wp-json\/wp\/v2\/comments?post=9190"}],"version-history":[{"count":0,"href":"https:\/\/plazajuarez.mx\/historico\/wp-json\/wp\/v2\/posts\/9190\/revisions"}],"wp:attachment":[{"href":"https:\/\/plazajuarez.mx\/historico\/wp-json\/wp\/v2\/media?parent=9190"}],"wp:term":[{"taxonomy":"category","embeddable":true,"href":"https:\/\/plazajuarez.mx\/historico\/wp-json\/wp\/v2\/categories?post=9190"},{"taxonomy":"post_tag","embeddable":true,"href":"https:\/\/plazajuarez.mx\/historico\/wp-json\/wp\/v2\/tags?post=9190"}],"curies":[{"name":"wp","href":"https:\/\/api.w.org\/{rel}","templated":true}]}}