{"id":9189,"date":"2015-08-09T15:56:29","date_gmt":"2015-08-09T15:56:29","guid":{"rendered":"http:\/\/plazajuarez.mx\/index\/index.php\/2015\/08\/09\/servir-a-la-patria-o-lucha-de-egos\/"},"modified":"2015-08-09T15:56:29","modified_gmt":"2015-08-09T15:56:29","slug":"servir-a-la-patria-o-lucha-de-egos","status":"publish","type":"post","link":"https:\/\/plazajuarez.mx\/historico\/servir-a-la-patria-o-lucha-de-egos\/","title":{"rendered":"\u00bfServir a la Patria\u2026o lucha de egos?"},"content":{"rendered":"<p>La cantidad se pretende imponer a la calidad, no importa el perfil tanto como la relaci\u00f3n de amistad con alguien que pudiese influir en los procesos de selecci\u00f3n de candidatos; hoy d\u00eda pareciese que cada loco trae su propio tema, pero lo cierto es que cada cual tiene la mira bien puesta en los comicios electorales fuertes que se avecinan en lo que resta del sexenio.<\/p>\n<p>\u00a0<\/p>\n<p>Los embriones y su estela de luz, es decir, los posibles candidatos y su s\u00e9quito de lambiscones ya no tardar\u00e1n en moverse, en lo que denominar\u00edamos una pre de la pre campa\u00f1a.<\/p>\n<p>\u00a0<\/p>\n<p>\u00a0<\/p>\n<p>Cada cual por su lado y en su particular estilo estar\u00e1 buscando notoriedad, todos \u00e1vidos de seguir vivos en la pol\u00edtica mexicana, haciendo declaraciones que les permitan aparecer como noticia relevante en los medios de comunicaci\u00f3n. El impregnarse de pueblo ser\u00e1 indispensable para hacer notar que \u201ceste s\u00ed merece ser candidato\u201d, aunque antes de ello ni siquiera se dignaban a bajarle al pueblo aquellos recursos que alguna vez prometieron y que pronto nuevamente volver\u00e1n a prometer, por aquello de que el prometer no empobrece.<\/p>\n<p>\u00a0<\/p>\n<p>\u00a0<\/p>\n<p>Las pugnas, el egocentrismo, la vanidad, la lucha por el poder, se da en todos los niveles donde se ejerza la pol\u00edtica, y esa es la raz\u00f3n por las que aquellos que se sientan merecedores de servir al pueblo, intentar\u00e1n ponerles piedras en el camino a sus hermanos de estatutos partidistas.<\/p>\n<p>\u00a0<\/p>\n<p>\u00a0<\/p>\n<p>Los golpes bajos son la suerte principal de los fajadores pol\u00edticos, que no se dejar\u00e1n quitar tan f\u00e1cilmente la nominaci\u00f3n por la que tantos a\u00f1os han trabajado.<\/p>\n<p>\u00a0<\/p>\n<p>\u00a0<\/p>\n<p>La carrera por las candidaturas ya empez\u00f3; materialmente, comenzaron desde el d\u00eda siguiente a la toma de posesi\u00f3n del futuro representante popular desempleado.<\/p>\n<p>\u00a0<\/p>\n<p>\u00a0<\/p>\n<p>Perm\u00edtaseme una reflexi\u00f3n llena de candidez, realmente las noches de desvelo de los suspirantes \u00bfser\u00e1n por tener un verdadero amor a la patria, o solo es amor al dinero y a s\u00ed mismos?<\/p>\n<p>\u00a0<\/p>\n<p>\u00a0<\/p>\n<p>Si fuese lo primero, es decir, si su impulso fuese el amor a la Patria, seguramente no propondr\u00edan que la franja fronteriza y la de playa fuese vendida a extranjeros, tampoco promover\u00edan marchas o m\u00edtines en contra de alg\u00fan pol\u00edtico en particular solo con el objetivo de traerlo con el \u201cmecate corto\u201d; ni mucho menos dejar\u00edan en la trivialidad temas fundamentales para el Pa\u00eds como lo es la seguridad, la econom\u00eda y el desempleo; aunque en esto \u00faltimo podemos levantarnos el \u00e1nimo cuando vemos que a otros tampoco le ha ido tan bien.<\/p>\n<p>\u00a0<\/p>\n<p>\u00a0<\/p>\n<p>Pienso tambi\u00e9n que, si hubiese un verdadero amor a la patria, los posibles candidatos no amenazar\u00edan con cambiarse de Partido o, en su caso, irse de independientes.<\/p>\n<p>\u00a0<\/p>\n<p>\u00a0<\/p>\n<p>La segunda opci\u00f3n, amor al dinero y a s\u00ed mismos, creo que eso no pasa por la mente de ninguno de los pol\u00edticos nacionales, pues ya sabemos que \u201cla patria es primero\u201d y hay que dar hasta la vida para defenderla.<\/p>\n<p>\u00a0<\/p>\n<p>\u00a0<\/p>\n<p>Creo en M\u00e9xico y en los mexicanos que diariamente se parten el alma por llevar comida a sus casas; de ah\u00ed deben salir las nuevas generaciones de pol\u00edticos, los que no se preocupen por la imagen y si por las necesidades sociales; pol\u00edticos que no solo est\u00e9n comprometidos, sino tambi\u00e9n involucrados en la problem\u00e1tica nacional; compromiso y voluntad pol\u00edtica, y la memoria bien fresca para que no olviden quienes los llevaron al lugar donde se encuentran.<\/p>\n<p>\u00a0<\/p>\n<p>\u00a0<\/p>\n<p>Las palabras se las lleva el viento, pero mi pensamiento escrito est\u00e1.<\/p>\n<p>\u00a0<\/p>\n<p>\u00a0<\/p>\n<p>L.D. MIGUEL:.ROSALES:.P\u00c9REZ:.<\/p>\n","protected":false},"excerpt":{"rendered":"<p>La cantidad se pretende imponer a la calidad, no importa el perfil tanto como la relaci\u00f3n de amistad con alguien que pudiese influir en los procesos de selecci\u00f3n de candidatos; hoy d\u00eda pareciese que cada loco trae su propio tema, pero lo cierto es que cada cual tiene la mira bien puesta en los comicios [&hellip;]<\/p>\n","protected":false},"author":93,"featured_media":0,"comment_status":"open","ping_status":"open","sticky":false,"template":"","format":"standard","meta":{"footnotes":""},"categories":[51],"tags":[],"class_list":["post-9189","post","type-post","status-publish","format-standard","hentry","category-miguel-rosales"],"_links":{"self":[{"href":"https:\/\/plazajuarez.mx\/historico\/wp-json\/wp\/v2\/posts\/9189","targetHints":{"allow":["GET"]}}],"collection":[{"href":"https:\/\/plazajuarez.mx\/historico\/wp-json\/wp\/v2\/posts"}],"about":[{"href":"https:\/\/plazajuarez.mx\/historico\/wp-json\/wp\/v2\/types\/post"}],"author":[{"embeddable":true,"href":"https:\/\/plazajuarez.mx\/historico\/wp-json\/wp\/v2\/users\/93"}],"replies":[{"embeddable":true,"href":"https:\/\/plazajuarez.mx\/historico\/wp-json\/wp\/v2\/comments?post=9189"}],"version-history":[{"count":0,"href":"https:\/\/plazajuarez.mx\/historico\/wp-json\/wp\/v2\/posts\/9189\/revisions"}],"wp:attachment":[{"href":"https:\/\/plazajuarez.mx\/historico\/wp-json\/wp\/v2\/media?parent=9189"}],"wp:term":[{"taxonomy":"category","embeddable":true,"href":"https:\/\/plazajuarez.mx\/historico\/wp-json\/wp\/v2\/categories?post=9189"},{"taxonomy":"post_tag","embeddable":true,"href":"https:\/\/plazajuarez.mx\/historico\/wp-json\/wp\/v2\/tags?post=9189"}],"curies":[{"name":"wp","href":"https:\/\/api.w.org\/{rel}","templated":true}]}}