{"id":9188,"date":"2015-08-09T15:55:12","date_gmt":"2015-08-09T15:55:12","guid":{"rendered":"http:\/\/plazajuarez.mx\/index\/index.php\/2015\/08\/09\/manlio-fabio-en-el-nuevo-pri-para-que-todo-sea-como-antes\/"},"modified":"2015-08-09T15:55:12","modified_gmt":"2015-08-09T15:55:12","slug":"manlio-fabio-en-el-nuevo-pri-para-que-todo-sea-como-antes","status":"publish","type":"post","link":"https:\/\/plazajuarez.mx\/historico\/manlio-fabio-en-el-nuevo-pri-para-que-todo-sea-como-antes\/","title":{"rendered":"MANLIO FABIO EN EL  NUEVO PRI,  PARA QUE TODO SEA COMO ANTES"},"content":{"rendered":"<p>LOS COMPADRES<\/p>\n<p>n\u00a0\u00a0<strong><em>Tr\u00e1nsito pesado, antes de que empiece a funcionar el Tuzob\u00fas por la reducci\u00f3n de carriles. Pero habr\u00e1 que esperar s\u00f3lo una semana para saber c\u00f3mo funcionar\u00e1 realmente.<\/em><\/strong><\/p>\n<p>  <!--more-->  <\/p>\n<p>\u00a0<\/p>\n<p>n\u00a0\u00a0\u00bfCompadre qu\u00e9 milagro? \u00bfPues d\u00f3nde se hab\u00eda escondido?<\/p>\n<p>n\u00a0\u00a0Pues d\u00f3nde, pues trabajando, gan\u00e1ndome el pan con el sudor de mi frente.<\/p>\n<p>n\u00a0\u00a0Vaya que han pasado de cosas desde que lo vi la \u00faltima vez. Por ejemplo apenas falta una semana para que arranque el Tuzob\u00fas. Tambi\u00e9n se ha de acordar de Manlio Fabio Beltrones, el que era gobernador de Sonora cuando mataron a Colosio y que mantuvo al supuesto asesino dos horas solo con \u00e9l, sin pasarlo a la polic\u00eda porque seg\u00fan dijo era el representante de Carlos Salinas de Gortari, bueno pues \u00e9l va a ser el nuevo presidente del PRI y lo primero que dijo fue que se acabar\u00e1 la llamada \u201csana distancia entre el partido y el presidente\u201d.<\/p>\n<p>n\u00a0\u00a0Vaya que viene enterado de las noticias compadre, pero antes vamos a refrescar la garganta en el Leoncito\u00a0 o en el Campe\u00f3n. Luego le seguimos con lo dem\u00e1s.<\/p>\n<p>n\u00a0\u00a0\u00a1Vale compadre! Con este calor s\u00f3lo la cerveza cae bien.<\/p>\n<p>\u00a0<\/p>\n<p>Pas\u00f3 el tiempo y en aquella noble cantina se volvi\u00f3 a escuchar a los compadres.<\/p>\n<p>\u00a0<\/p>\n<p>n\u00a0\u00a0\u00bfQu\u00e9 me dec\u00eda compadre de lo del tal Fabio?<\/p>\n<p>n\u00a0\u00a0Bueno \u00e9l dijo que la puntada de Zedillo de su sana distancia es un contrasentido, pues si un partido te lleva a la presidencia, lo menos que puedes hacer\u00a0 es ser agradecido con quien te dio la mano. Es decir Manlio propone regresar a la vieja historia del PRI, cuando partido y presidente eran lo mismo pero con diferente cara.<\/p>\n<p>n\u00a0\u00a0Pero compadre, \u00bfqu\u00e9 no siempre ha sido igual? \u00a1\u00bfAcaso no siempre ha mandado el presidente?<\/p>\n<p>n\u00a0\u00a0Pues s\u00ed compadre, pero acu\u00e9rdese de que hubo gobiernos panistas durante 12 a\u00f1os.<\/p>\n<p>n\u00a0\u00a0Lo s\u00e9 compadre, pero qu\u00e9 se gan\u00f3 con \u00a0la alternancia, nada en absoluto; y ahora regresa el PRI pero recargado.<\/p>\n<p>n\u00a0\u00a0Por una parte estuvo bien, ya que nadie \u00a0se cre\u00eda eso de la sana distancia si todo lo financiaba el gobierno; adem\u00e1s qu\u00e9 de malo tiene que el presidente reconozca a su partido de origen.<\/p>\n<p>n\u00a0\u00a0Lo que s\u00ed compadre que cu\u00e1l cambio en el PRI, que un nuevo PRI; todo sigui\u00f3 igual y ahora con este Manlio pues m\u00e1s, es de los viejos dinosaurios y lo que se puede esperar es m\u00e1s de lo mismo.<\/p>\n<p>n\u00a0\u00a0Pero y qu\u00e9 se esperaba compadre si los dem\u00e1s partidos est\u00e1n peor. Ahora se va Navarrete del PRD.<\/p>\n<p>n\u00a0\u00a0Pero hasta se tard\u00f3 compadre, qu\u00e9 hac\u00eda ah\u00ed. Resguardando el nido de ratas de izquierda.<\/p>\n<p>n\u00a0\u00a0Se fue Cuauht\u00e9moc y luego el Peje. \u00bfQu\u00e9 quedaba del PRD? Puras verg\u00fcenzas.<\/p>\n<p>n\u00a0\u00a0S\u00ed compadre el PRD fue convertido en un negocio S.A de C.V., cu\u00e1l de izquierda. Las mismas caras, los pablos G\u00f3mez, los B\u00e9jarano, las Barrales, los chuchos, puro personaje de lo mejor, siempre han vivido de las c\u00e1maras, nada m\u00e1s dan saltos de una c\u00e1mara a otra, van de la de Diputados a la de Senadores \u00a0y viceversa. Si Heberto, Vallejo y Arnaldo se levantaran de su tumba se regresaban al ver tanta desfachatez.<\/p>\n<p>n\u00a0\u00a0\u00bfY \u00a0apoco el PAN est\u00e1 mejor? \u00bfO de veras cambiar\u00e1 todo con Anaya? Pa m\u00ed que Corral y H\u00e9ctor Anaya son lo mismo.<\/p>\n<p>n\u00a0\u00a0De hecho los dos\u00a0 partidos, el PRI y el PAN, siempre han caminado juntos y ve t\u00fa a saber si no se pusieron de acuerdo para la llamada alternancia en el poder. Uno \u00a0le dijo al otro: \u201cT\u00fa le entras un rato y luego me regresas la silla\u201d.<\/p>\n<p>n\u00a0\u00a0C\u00f3mo ser\u00e1 mal pensado compadre. Ah\u00ed s\u00ed yo creo que el pueblo ya estaba \u00a0asqueado y por eso vot\u00f3 por Chente Fox, ora que si se pusieron de acuerdo, yo no creo que alguien que tiene el poder lo entregue tan f\u00e1cilmente, pero en fin todo puede suceder.<\/p>\n<p>n\u00a0\u00a0Pues s\u00ed compadre, de los otros partidos, entre todos ellos no se hace uno que valga la pena. Ah\u00ed tiene al Verde que funciona como sucursal del tricolor, el PT que igual se convirti\u00f3 en negocio familiar y el de los maestros que son utilizados.<\/p>\n<p>n\u00a0\u00a0Pero y el Bronco compadre, su ejemplo puede cundir, \u00e9l es gobernador electo independiente.<\/p>\n<p>n\u00a0\u00a0Pues s\u00ed compadre independiente pero hasta ahora porque siempre fue del PRI.<\/p>\n<p>n\u00a0\u00a0Yo digo compadre que en estas latitudes Fayad si no se la dan se puede ir por la independiente.<\/p>\n<p>n\u00a0\u00a0No creo que lo haga compadre, \u00e9l sabe de qu\u00e9 lado masca la iguana y sabe \u00a0lo importante que es ser disciplinado en el partido, pero en fin \u00e9l sabr\u00e1 si se arriesga.<\/p>\n<p>n\u00a0\u00a0Oiga compadre, por otra parte, ya creo ver lo que suceder\u00e1 en la \u00a0Felipe \u00c1ngeles; con las delimitaciones del Tuzob\u00fas se hace ya el tr\u00e1nsito pesado y eso que todav\u00eda no arranca.<\/p>\n<p>n\u00a0\u00a0S\u00ed \u00a0compadre, hay partes donde de plano queda un solo carril y se hace un \u00a0desmoche. Eso s\u00ed cuando inicie pues ya no van a circular las peseras de la muerte y los autobuses se van a ir por Nuevo Hidalgo.<\/p>\n<p>n\u00a0\u00a0Aun as\u00ed compadre, qued\u00f3 muy reducida la Felipe \u00c1ngeles, le digo que hay tramos donde nom\u00e1s no se va a poder. Lo mismo sucede en Revoluci\u00f3n. Pero en fin, deber\u00e1n darse soluciones nuevas a problemas nuevos.<\/p>\n<p>n\u00a0\u00a0Yo estoy de acuerdo con usted compadre, ni modos que Pachuca se quedara atr\u00e1s. Ya todas las ciudades tienen su metrob\u00fas y Pachuca pues ya tiene su Tuzob\u00fas. \u00bfA poco no le da gusto ver el nuevo Pachuca? Ni parece la misma ciudad. Si es para bien de todos adelante pues.<\/p>\n<p>n\u00a0\u00a0Pues yo tambi\u00e9n estoy de acuerdo. Adem\u00e1s no se vale criticar algo que ni siquiera ha comenzado a funcionar. Dicen que en Puebla no funcion\u00f3 el metrob\u00fas como se esperaba y los concesionarios tuvieron que regresar el servicio al gobierno. Qui\u00e9n sabe que pase aqu\u00ed y si los due\u00f1os no tengan tambi\u00e9n que regresarlo al gobierno si no les funciona como negocio.<\/p>\n","protected":false},"excerpt":{"rendered":"<p>LOS COMPADRES n\u00a0\u00a0Tr\u00e1nsito pesado, antes de que empiece a funcionar el Tuzob\u00fas por la reducci\u00f3n de carriles. Pero habr\u00e1 que esperar s\u00f3lo una semana para saber c\u00f3mo funcionar\u00e1 realmente.<\/p>\n","protected":false},"author":93,"featured_media":0,"comment_status":"open","ping_status":"open","sticky":false,"template":"","format":"standard","meta":{"footnotes":""},"categories":[42],"tags":[],"class_list":["post-9188","post","type-post","status-publish","format-standard","hentry","category-nuestrapalabra"],"_links":{"self":[{"href":"https:\/\/plazajuarez.mx\/historico\/wp-json\/wp\/v2\/posts\/9188","targetHints":{"allow":["GET"]}}],"collection":[{"href":"https:\/\/plazajuarez.mx\/historico\/wp-json\/wp\/v2\/posts"}],"about":[{"href":"https:\/\/plazajuarez.mx\/historico\/wp-json\/wp\/v2\/types\/post"}],"author":[{"embeddable":true,"href":"https:\/\/plazajuarez.mx\/historico\/wp-json\/wp\/v2\/users\/93"}],"replies":[{"embeddable":true,"href":"https:\/\/plazajuarez.mx\/historico\/wp-json\/wp\/v2\/comments?post=9188"}],"version-history":[{"count":0,"href":"https:\/\/plazajuarez.mx\/historico\/wp-json\/wp\/v2\/posts\/9188\/revisions"}],"wp:attachment":[{"href":"https:\/\/plazajuarez.mx\/historico\/wp-json\/wp\/v2\/media?parent=9188"}],"wp:term":[{"taxonomy":"category","embeddable":true,"href":"https:\/\/plazajuarez.mx\/historico\/wp-json\/wp\/v2\/categories?post=9188"},{"taxonomy":"post_tag","embeddable":true,"href":"https:\/\/plazajuarez.mx\/historico\/wp-json\/wp\/v2\/tags?post=9188"}],"curies":[{"name":"wp","href":"https:\/\/api.w.org\/{rel}","templated":true}]}}