{"id":91877,"date":"2019-10-02T12:19:07","date_gmt":"2019-10-02T12:19:07","guid":{"rendered":"http:\/\/plazajuarez.mx\/index\/index.php\/2019\/10\/02\/historias-y-retos-de-periodistas-en-el-festival-gabo\/"},"modified":"2019-10-02T12:19:07","modified_gmt":"2019-10-02T12:19:07","slug":"historias-y-retos-de-periodistas-en-el-festival-gabo","status":"publish","type":"post","link":"https:\/\/plazajuarez.mx\/historico\/historias-y-retos-de-periodistas-en-el-festival-gabo\/","title":{"rendered":"Historias y retos de periodistas, en el Festival Gabo"},"content":{"rendered":"<p>FESTIVALES LITERARIOS\u00a0<br \/>\u00a0\u00a0\u00a0 \u2022\u00a0\u00a0 \u00a0Una de las exposiciones m\u00e1s esperadas del Festival Gabo es la propuesta de la artista Joana Toro\u2028<\/p>\n<p>  <!--more-->  <\/p>\n<p>M\u00e1s de 100 actividades e invitados participar\u00e1n en la s\u00e9ptima edici\u00f3n del Festival Gabo, un encuentro organizado por la Fundaci\u00f3n Gabo, creada por el Nobel, Gabriel Garc\u00eda M\u00e1rquez, para discutir y analizar el periodismo, sus tendencias, las tem\u00e1ticas que lo moldean, la sostenibilidad de los medios, las nuevas formas de narrar y conectar con la audiencia, el arte y la cultura.<br \/>En esta edici\u00f3n, que se realiza a partir de este mi\u00e9rcoles y hasta el pr\u00f3ximo viernes, en Medell\u00edn, Colombia, se ofrecer\u00e1n talleres, conferencias, charlas, cl\u00ednicas de periodismo, y por primera vez, habr\u00e1 presentaciones de libros period\u00edsticos. <br \/>Entre los invitados a este encuentro destacan: Luc\u00eda Pineda, periodista nicarag\u00fcense encarcelada durante seis meses por escribir sobre las revueltas en contra del gobierno de Daniel Ortega; Alonso Moleiro, periodista venezolano cuyo programa fue censurado; y Patricia Campos Mello, periodista de investigaci\u00f3n de Folha de Sao Paulo, quien fue amenazada tras investigar campa\u00f1as de noticias falsas en WhatsApp durante las elecciones que gan\u00f3 el presidente brasile\u00f1o Jair Bolsonaro.<br \/>Omaya Sosa, directora y fundadora del Centro de Periodismo Investigativo de Puerto Rico, Gustavo Gorriti, M\u00f3nica Gonz\u00e1lez, Mar\u00eda Teresa Ronderos, Alberto Donadio, Gabriela Wiener, Montserrat Dom\u00ednguez, Josefina Licitra y la mexicana Carmen Aristegui, son otros de los periodistas invitados al encuentro que tambi\u00e9n analizar\u00e1 asuntos como la \u00e9tica, la independencia y la libertad de expresi\u00f3n.<br \/>Temas como &#8220;Libertad de expresi\u00f3n: la batalla por contar historias&#8221;, &#8220;Nuevas miradas de la fotograf\u00eda latinoamericana&#8221;, &#8220;Los retos de la cobertura de la desigualdad de g\u00e9nero&#8221; y &#8220;El reto por la credibilidad: construcci\u00f3n de confianza en los medios&#8221; son otros de los temas que ser\u00e1n analizados durante los tres d\u00edas que dura el encuentro.<br \/>Una de las exposiciones m\u00e1s esperadas del Festival Gabo es la propuesta de la artista Joana Toro, quien durante dos a\u00f1os se disfraz\u00f3 de &#8220;Hello Kitty&#8221; y recorri\u00f3 Times Square, intercambiando fotograf\u00edas por dinero. La muestra es una selecci\u00f3n de fotograf\u00edas que reflejan un periodismo vivo, que nace del talento y tambi\u00e9n de la necesidad de atestiguar el acontecimiento poco noticioso de la vida de los inmigrantes.<\/p>\n<p><\/p>\n","protected":false},"excerpt":{"rendered":"<p>FESTIVALES LITERARIOS\u00a0\u00a0\u00a0\u00a0 \u2022\u00a0\u00a0 \u00a0Una de las exposiciones m\u00e1s esperadas del Festival Gabo es la propuesta de la artista Joana Toro\u2028<\/p>\n","protected":false},"author":93,"featured_media":0,"comment_status":"open","ping_status":"open","sticky":false,"template":"","format":"standard","meta":{"footnotes":""},"categories":[41],"tags":[],"class_list":["post-91877","post","type-post","status-publish","format-standard","hentry","category-arteria-cultural"],"_links":{"self":[{"href":"https:\/\/plazajuarez.mx\/historico\/wp-json\/wp\/v2\/posts\/91877","targetHints":{"allow":["GET"]}}],"collection":[{"href":"https:\/\/plazajuarez.mx\/historico\/wp-json\/wp\/v2\/posts"}],"about":[{"href":"https:\/\/plazajuarez.mx\/historico\/wp-json\/wp\/v2\/types\/post"}],"author":[{"embeddable":true,"href":"https:\/\/plazajuarez.mx\/historico\/wp-json\/wp\/v2\/users\/93"}],"replies":[{"embeddable":true,"href":"https:\/\/plazajuarez.mx\/historico\/wp-json\/wp\/v2\/comments?post=91877"}],"version-history":[{"count":0,"href":"https:\/\/plazajuarez.mx\/historico\/wp-json\/wp\/v2\/posts\/91877\/revisions"}],"wp:attachment":[{"href":"https:\/\/plazajuarez.mx\/historico\/wp-json\/wp\/v2\/media?parent=91877"}],"wp:term":[{"taxonomy":"category","embeddable":true,"href":"https:\/\/plazajuarez.mx\/historico\/wp-json\/wp\/v2\/categories?post=91877"},{"taxonomy":"post_tag","embeddable":true,"href":"https:\/\/plazajuarez.mx\/historico\/wp-json\/wp\/v2\/tags?post=91877"}],"curies":[{"name":"wp","href":"https:\/\/api.w.org\/{rel}","templated":true}]}}