{"id":91876,"date":"2019-10-02T12:19:07","date_gmt":"2019-10-02T12:19:07","guid":{"rendered":"http:\/\/plazajuarez.mx\/index\/index.php\/2019\/10\/02\/obreros-portugueses\/"},"modified":"2019-10-02T12:19:07","modified_gmt":"2019-10-02T12:19:07","slug":"obreros-portugueses","status":"publish","type":"post","link":"https:\/\/plazajuarez.mx\/historico\/obreros-portugueses\/","title":{"rendered":"Obreros portugueses"},"content":{"rendered":"<p>CINE DE MA\u00d1ANA<\/p>\n<p>Recientemente hemos visto interesantes filmes como En guerra de Stephan\u00e9 Briz\u00e9, que hablan de los obreros, los sindicatos y sus problemas.<\/p>\n<p>  <!--more-->  <\/p>\n<p>La f\u00e1brica de nada del portugu\u00e9s Pedro Pinho que forma parte de la Quinta Edici\u00f3n de Talento Emergente, es una nueva visi\u00f3n del tema.<br \/>El realizador nacido en Lisboa en 1977, se hab\u00eda dedicado al documental hasta que decide tomar una idea de Jorge Silva Melo, inspirada en una obra de teatro de Judith Herzeberg, para hacer esta singular ficci\u00f3n que mezcla el neorrealismo con n\u00fameros musicales y que por momentos recuerda a Bollywood..<br \/>Un grupo de obreros descubre que los patrones est\u00e1n sacando la maquinaria de la f\u00e1brica a escondidas.<br \/>Piensan llevarse el negocio a otra parte, aunque le aseguran a los obreros \u201cque respetar\u00e1n sus trabajos\u201d.<br \/>Pero como se percatan de que todo es una maniobra para despedirlos sin indemnizaci\u00f3n, los obreros deciden tomar la f\u00e1brica.<br \/>Un viejo cineasta piensa documentar el movimiento y alienta a los trabajadores a cantar y bailar.<br \/>Pinho logra un fresco fabril, en el que los obreros act\u00faan con naturalidad a lo largo de 177 minutos .<br \/>El filme obtuvo el Premio Fipresci en la Quincena de Realizadores del Festival de Cannes de hace dos a\u00f1os.<br \/>A f\u00e1brica da nada es pues un singular filme que lucha al lado de los obreros por el derecho de conservar su trabajo a toda costa, pese al capitalismo voraz que domina en la actualidad.<br \/>\u00a0<\/p>\n","protected":false},"excerpt":{"rendered":"<p>CINE DE MA\u00d1ANA Recientemente hemos visto interesantes filmes como En guerra de Stephan\u00e9 Briz\u00e9, que hablan de los obreros, los sindicatos y sus problemas.<\/p>\n","protected":false},"author":93,"featured_media":0,"comment_status":"open","ping_status":"open","sticky":false,"template":"","format":"standard","meta":{"footnotes":""},"categories":[41],"tags":[],"class_list":["post-91876","post","type-post","status-publish","format-standard","hentry","category-arteria-cultural"],"_links":{"self":[{"href":"https:\/\/plazajuarez.mx\/historico\/wp-json\/wp\/v2\/posts\/91876","targetHints":{"allow":["GET"]}}],"collection":[{"href":"https:\/\/plazajuarez.mx\/historico\/wp-json\/wp\/v2\/posts"}],"about":[{"href":"https:\/\/plazajuarez.mx\/historico\/wp-json\/wp\/v2\/types\/post"}],"author":[{"embeddable":true,"href":"https:\/\/plazajuarez.mx\/historico\/wp-json\/wp\/v2\/users\/93"}],"replies":[{"embeddable":true,"href":"https:\/\/plazajuarez.mx\/historico\/wp-json\/wp\/v2\/comments?post=91876"}],"version-history":[{"count":0,"href":"https:\/\/plazajuarez.mx\/historico\/wp-json\/wp\/v2\/posts\/91876\/revisions"}],"wp:attachment":[{"href":"https:\/\/plazajuarez.mx\/historico\/wp-json\/wp\/v2\/media?parent=91876"}],"wp:term":[{"taxonomy":"category","embeddable":true,"href":"https:\/\/plazajuarez.mx\/historico\/wp-json\/wp\/v2\/categories?post=91876"},{"taxonomy":"post_tag","embeddable":true,"href":"https:\/\/plazajuarez.mx\/historico\/wp-json\/wp\/v2\/tags?post=91876"}],"curies":[{"name":"wp","href":"https:\/\/api.w.org\/{rel}","templated":true}]}}